{"id":6390,"date":"2023-11-13T09:41:12","date_gmt":"2023-11-13T08:41:12","guid":{"rendered":"https:\/\/style3d-assyst.com\/lancia-il-cloud-ue\/"},"modified":"2025-09-10T13:23:33","modified_gmt":"2025-09-10T11:23:33","slug":"lancia-il-cloud-ue","status":"publish","type":"post","link":"https:\/\/style3d-assyst.com\/it\/lancia-il-cloud-ue\/","title":{"rendered":"Nasce il Cloud EU"},"content":{"rendered":"\t\t<div data-elementor-type=\"wp-post\" data-elementor-id=\"6390\" class=\"elementor elementor-6390 elementor-5667\" data-elementor-post-type=\"post\">\n\t\t\t\t<div class=\"elementor-element elementor-element-7ecc39e e-flex e-con-boxed wpr-particle-no wpr-jarallax-no wpr-parallax-no wpr-sticky-section-no e-con e-parent\" data-id=\"7ecc39e\" data-element_type=\"container\" data-e-type=\"container\" data-settings=\"{&quot;background_background&quot;:&quot;classic&quot;}\">\n\t\t\t\t\t<div class=\"e-con-inner\">\n\t\t\t\t<div class=\"elementor-element elementor-element-6ea859e elementor-widget elementor-widget-heading\" data-id=\"6ea859e\" data-element_type=\"widget\" data-e-type=\"widget\" data-widget_type=\"heading.default\">\n\t\t\t\t<div class=\"elementor-widget-container\">\n\t\t\t\t\t<h2 class=\"elementor-heading-title elementor-size-default\">Nuovo! Style3D | Assyst lancia il cloud europeo per la moda e l'abbigliamento sportivo<\/h2>\t\t\t\t<\/div>\n\t\t\t\t<\/div>\n\t\t<div class=\"elementor-element elementor-element-d978000 e-con-full e-flex wpr-particle-no wpr-jarallax-no wpr-parallax-no wpr-sticky-section-no e-con e-child\" data-id=\"d978000\" data-element_type=\"container\" data-e-type=\"container\">\n\t\t<div class=\"elementor-element elementor-element-7bf28b1 e-con-full e-flex wpr-particle-no wpr-jarallax-no wpr-parallax-no wpr-sticky-section-no e-con e-child\" data-id=\"7bf28b1\" data-element_type=\"container\" data-e-type=\"container\">\n\t\t\t\t<div class=\"elementor-element elementor-element-191be5c elementor-widget elementor-widget-text-editor\" data-id=\"191be5c\" data-element_type=\"widget\" data-e-type=\"widget\" data-widget_type=\"text-editor.default\">\n\t\t\t\t<div class=\"elementor-widget-container\">\n\t\t\t\t\t\t\t\t\t<h3><b>Collaborazione e gestione degli asset digitali per la moda, lo sport, l&#8217;abbigliamento da lavoro e la vendita al dettaglio completamente conformi al GDPR<\/b><\/h3>\t\t\t\t\t\t\t\t<\/div>\n\t\t\t\t<\/div>\n\t\t\t\t<div class=\"elementor-element elementor-element-fee76b4 elementor-widget elementor-widget-text-editor\" data-id=\"fee76b4\" data-element_type=\"widget\" data-e-type=\"widget\" data-widget_type=\"text-editor.default\">\n\t\t\t\t<div class=\"elementor-widget-container\">\n\t\t\t\t\t\t\t\t\t<p>Monaco di Baviera, 28.11.2023 &#8211; Style3D Cloud, la piattaforma leader nel settore della moda per la collaborazione e la gestione degli asset digitali di Style3D, \u00e8 ora disponibile in Europa. Questa mossa fornisce ai clienti di Style3D | Assyst in Europa un portafoglio di prodotti completamente conforme al GDPR.<\/p>\t\t\t\t\t\t\t\t<\/div>\n\t\t\t\t<\/div>\n\t\t\t\t<div class=\"elementor-element elementor-element-a5d17cd elementor-widget elementor-widget-text-editor\" data-id=\"a5d17cd\" data-element_type=\"widget\" data-e-type=\"widget\" data-widget_type=\"text-editor.default\">\n\t\t\t\t<div class=\"elementor-widget-container\">\n\t\t\t\t\t\t\t\t\t<p>Con la piattaforma di moda Style3D | Assyst, i marchi di abbigliamento, i rivenditori e i fornitori possono fornire in modo sicuro contenuti digitali e collaborare all&#8217;interno dei loro team. Gli asset digitali possono essere elaborati e riutilizzati in modo efficiente in qualsiasi momento, aumentando il valore di ogni modello 3D creato. I flussi di lavoro diventano molto pi\u00f9 veloci e i team collaborano efficacemente in tempo reale. Style3D Cloud fa parte del portafoglio di prodotti integrati end-to-end di Style3D | Assyst, dalla progettazione 3D e dal modello CAD 2D alle piattaforme di produzione e promozione.<\/p>\t\t\t\t\t\t\t\t<\/div>\n\t\t\t\t<\/div>\n\t\t\t\t<div class=\"elementor-element elementor-element-90d2838 elementor-testimonial--layout-image_above elementor-testimonial--skin-default elementor-testimonial--align-center elementor-arrows-yes elementor-pagination-type-bullets elementor-widget elementor-widget-testimonial-carousel\" data-id=\"90d2838\" data-element_type=\"widget\" data-e-type=\"widget\" data-settings=\"{&quot;slides_per_view&quot;:&quot;1&quot;,&quot;show_arrows&quot;:&quot;yes&quot;,&quot;pagination&quot;:&quot;bullets&quot;,&quot;speed&quot;:500,&quot;autoplay&quot;:&quot;yes&quot;,&quot;autoplay_speed&quot;:5000,&quot;loop&quot;:&quot;yes&quot;,&quot;pause_on_hover&quot;:&quot;yes&quot;,&quot;pause_on_interaction&quot;:&quot;yes&quot;,&quot;space_between&quot;:{&quot;unit&quot;:&quot;px&quot;,&quot;size&quot;:10,&quot;sizes&quot;:[]},&quot;space_between_tablet&quot;:{&quot;unit&quot;:&quot;px&quot;,&quot;size&quot;:10,&quot;sizes&quot;:[]},&quot;space_between_mobile&quot;:{&quot;unit&quot;:&quot;px&quot;,&quot;size&quot;:10,&quot;sizes&quot;:[]}}\" data-widget_type=\"testimonial-carousel.default\">\n\t\t\t\t<div class=\"elementor-widget-container\">\n\t\t\t\t\t\t\t\t\t<div class=\"elementor-swiper\">\n\t\t\t\t\t<div class=\"elementor-main-swiper swiper\" role=\"region\" aria-roledescription=\"carousel\" aria-label=\"Slides\">\n\t\t\t\t<div class=\"swiper-wrapper\">\n\t\t\t\t\t\t\t\t\t\t\t<div class=\"swiper-slide\" role=\"group\" aria-roledescription=\"slide\">\n\t\t\t\t\t\t\t\t\t<div class=\"elementor-testimonial\">\n\t\t\t\t\t\t\t<div class=\"elementor-testimonial__content\">\n\t\t\t\t\t<div class=\"elementor-testimonial__text\">\n\t\t\t\t\t\t<p>I nostri prodotti soddisfano tutti i requisiti dei nostri clienti in termini di funzionalit\u00e0 e conformit\u00e0 a tutte le normative europee. Il feedback positivo del mercato \u00e8 stato enorme.<\/p>\n\t\t\t\t\t<\/div>\n\t\t\t\t\t<cite class=\"elementor-testimonial__cite\"><span class=\"elementor-testimonial__name\">Hans Peter Hiemer<\/span><span class=\"elementor-testimonial__title\">CEO, Style3D | ASSYST<\/span><\/cite>\t\t\t\t<\/div>\n\t\t\t\t\t\t<div class=\"elementor-testimonial__footer\">\n\t\t\t\t\t\t\t\t\t<div class=\"elementor-testimonial__image\">\n\t\t\t\t\t\t<img decoding=\"async\" src=\"https:\/\/style3d-assyst.com\/wp-content\/uploads\/2025\/07\/quote-sign-testimonials.jpg\" alt=\"Quote Icon\">\n\t\t\t\t\t\t\t\t\t\t\t<\/div>\n\t\t\t\t\t\t\t\t\t\t\t<\/div>\n\t\t<\/div>\n\t\t\t\t\t\t\t\t<\/div>\n\t\t\t\t\t\t\t\t\t<\/div>\n\t\t\t\t\t\t\t<\/div>\n\t\t\t\t<\/div>\n\t\t\t\t\t\t\t\t<\/div>\n\t\t\t\t<\/div>\n\t\t\t\t<div class=\"elementor-element elementor-element-31bbee0 elementor-widget elementor-widget-spacer\" data-id=\"31bbee0\" data-element_type=\"widget\" data-e-type=\"widget\" data-widget_type=\"spacer.default\">\n\t\t\t\t<div class=\"elementor-widget-container\">\n\t\t\t\t\t\t\t<div class=\"elementor-spacer\">\n\t\t\t<div class=\"elementor-spacer-inner\"><\/div>\n\t\t<\/div>\n\t\t\t\t\t\t<\/div>\n\t\t\t\t<\/div>\n\t\t\t\t<div class=\"elementor-element elementor-element-f6c4d01 elementor-widget elementor-widget-text-editor\" data-id=\"f6c4d01\" data-element_type=\"widget\" data-e-type=\"widget\" data-widget_type=\"text-editor.default\">\n\t\t\t\t<div class=\"elementor-widget-container\">\n\t\t\t\t\t\t\t\t\t<h3>Informazioni su Style3D e Style3D | ASSYST<\/h3><p>Style3D \u00e8 un&#8217;azienda leader a livello mondiale nella tecnologia digitale per la moda, che offre modellazione 3D avanzata, soluzioni di design basate sull&#8217;intelligenza artificiale e strumenti di produzione digitale. Impegnata nell&#8217;innovazione, Style3D sta plasmando il futuro della moda con soluzioni sostenibili, efficienti e all&#8217;avanguardia per stilisti e marchi di tutto il mondo. Style3D \u00e8 rappresentata in Europa da Style3D | ASSYST.  <\/p>\t\t\t\t\t\t\t\t<\/div>\n\t\t\t\t<\/div>\n\t\t\t\t<\/div>\n\t\t<div class=\"elementor-element elementor-element-3b17454 e-con-full e-flex wpr-particle-no wpr-jarallax-no wpr-parallax-no wpr-sticky-section-no e-con e-child\" data-id=\"3b17454\" data-element_type=\"container\" data-e-type=\"container\">\n\t\t\t\t<div class=\"elementor-element elementor-element-2225667 elementor-widget elementor-widget-image\" data-id=\"2225667\" data-element_type=\"widget\" data-e-type=\"widget\" data-widget_type=\"image.default\">\n\t\t\t\t<div class=\"elementor-widget-container\">\n\t\t\t\t\t\t\t\t\t\t\t\t\t\t\t<img fetchpriority=\"high\" decoding=\"async\" width=\"800\" height=\"726\" src=\"https:\/\/style3d-assyst.com\/wp-content\/uploads\/2023\/11\/Press_EU_Cloud.jpg\" class=\"attachment-large size-large wp-image-5671\" alt=\"Nuvola UE\" srcset=\"https:\/\/style3d-assyst.com\/wp-content\/uploads\/2023\/11\/Press_EU_Cloud.jpg 800w, https:\/\/style3d-assyst.com\/wp-content\/uploads\/2023\/11\/Press_EU_Cloud-300x272.jpg 300w, https:\/\/style3d-assyst.com\/wp-content\/uploads\/2023\/11\/Press_EU_Cloud-768x697.jpg 768w\" sizes=\"(max-width: 800px) 100vw, 800px\" \/>\t\t\t\t\t\t\t\t\t\t\t\t\t\t\t<\/div>\n\t\t\t\t<\/div>\n\t\t<div class=\"elementor-element elementor-element-279d468 e-con-full e-flex wpr-particle-no wpr-jarallax-no wpr-parallax-no wpr-sticky-section-no e-con e-child\" data-id=\"279d468\" data-element_type=\"container\" data-e-type=\"container\">\n\t\t\t\t<div class=\"elementor-element elementor-element-673581e elementor-widget elementor-widget-heading\" data-id=\"673581e\" data-element_type=\"widget\" data-e-type=\"widget\" data-widget_type=\"heading.default\">\n\t\t\t\t<div class=\"elementor-widget-container\">\n\t\t\t\t\t<h3 class=\"elementor-heading-title elementor-size-default\">Contatto con la stampa<\/h3>\t\t\t\t<\/div>\n\t\t\t\t<\/div>\n\t\t\t\t<div class=\"elementor-element elementor-element-9a2b022 elementor-widget elementor-widget-image\" data-id=\"9a2b022\" data-element_type=\"widget\" data-e-type=\"widget\" data-widget_type=\"image.default\">\n\t\t\t\t<div class=\"elementor-widget-container\">\n\t\t\t\t\t\t\t\t\t\t\t\t\t\t\t<img decoding=\"async\" src=\"https:\/\/style3d-assyst.com\/wp-content\/uploads\/elementor\/thumbs\/giovanna-lange-1-rb9niai8xhsr17zee2cjp0at4799jt350ij0cnu5bk.png\" title=\"giovanna lange\" alt=\"Giovanna Lang\u00e8 Press\" loading=\"lazy\" \/>\t\t\t\t\t\t\t\t\t\t\t\t\t\t\t<\/div>\n\t\t\t\t<\/div>\n\t\t\t\t<div class=\"elementor-element elementor-element-d0957ca elementor-widget elementor-widget-text-editor\" data-id=\"d0957ca\" data-element_type=\"widget\" data-e-type=\"widget\" data-widget_type=\"text-editor.default\">\n\t\t\t\t<div class=\"elementor-widget-container\">\n\t\t\t\t\t\t\t\t\t<div class=\"col-12 col-sm-12 col-md-6 d-flex align-items-stretch\"><div class=\"productsplain text-center shadow d-flex align-items-center\"><div class=\"content text-center\"><p>Giovanna Lang\u00e8<br>Tel.: +39 (0)29376921<br><a href=\"mailto:contact@assyst.de\" target=\"_blank\" rel=\"noopener\">contact.it@assyst.de<\/a><\/p><\/div><\/div><\/div>\t\t\t\t\t\t\t\t<\/div>\n\t\t\t\t<\/div>\n\t\t\t\t<\/div>\n\t\t<div class=\"elementor-element elementor-element-2c68c5b e-con-full e-flex wpr-particle-no wpr-jarallax-no wpr-parallax-no wpr-sticky-section-no e-con e-child\" data-id=\"2c68c5b\" data-element_type=\"container\" data-e-type=\"container\">\n\t\t\t\t<div class=\"elementor-element elementor-element-e159ad8 elementor-widget elementor-widget-heading\" data-id=\"e159ad8\" data-element_type=\"widget\" data-e-type=\"widget\" data-widget_type=\"heading.default\">\n\t\t\t\t<div class=\"elementor-widget-container\">\n\t\t\t\t\t<h3 class=\"elementor-heading-title elementor-size-default\">Media<\/h3>\t\t\t\t<\/div>\n\t\t\t\t<\/div>\n\t\t\t\t<div class=\"elementor-element elementor-element-4f9184b elementor-icon-list--layout-traditional elementor-list-item-link-full_width elementor-widget elementor-widget-icon-list\" data-id=\"4f9184b\" data-element_type=\"widget\" data-e-type=\"widget\" data-widget_type=\"icon-list.default\">\n\t\t\t\t<div class=\"elementor-widget-container\">\n\t\t\t\t\t\t\t<ul class=\"elementor-icon-list-items\">\n\t\t\t\t\t\t\t<li class=\"elementor-icon-list-item\">\n\t\t\t\t\t\t\t\t\t\t\t<a href=\"https:\/\/style3d-assyst.com\/wp-content\/uploads\/2023\/11\/Press_EU_Cloud.jpg\" target=\"_blank\">\n\n\t\t\t\t\t\t\t\t\t\t\t\t<span class=\"elementor-icon-list-icon\">\n\t\t\t\t\t\t\t<svg aria-hidden=\"true\" class=\"e-font-icon-svg e-fas-cloud-download-alt\" viewBox=\"0 0 640 512\" xmlns=\"http:\/\/www.w3.org\/2000\/svg\"><path d=\"M537.6 226.6c4.1-10.7 6.4-22.4 6.4-34.6 0-53-43-96-96-96-19.7 0-38.1 6-53.3 16.2C367 64.2 315.3 32 256 32c-88.4 0-160 71.6-160 160 0 2.7.1 5.4.2 8.1C40.2 219.8 0 273.2 0 336c0 79.5 64.5 144 144 144h368c70.7 0 128-57.3 128-128 0-61.9-44-113.6-102.4-125.4zm-132.9 88.7L299.3 420.7c-6.2 6.2-16.4 6.2-22.6 0L171.3 315.3c-10.1-10.1-2.9-27.3 11.3-27.3H248V176c0-8.8 7.2-16 16-16h48c8.8 0 16 7.2 16 16v112h65.4c14.2 0 21.4 17.2 11.3 27.3z\"><\/path><\/svg>\t\t\t\t\t\t<\/span>\n\t\t\t\t\t\t\t\t\t\t<span class=\"elementor-icon-list-text\">Scarica un'immagine di alta qualit\u00e0<\/span>\n\t\t\t\t\t\t\t\t\t\t\t<\/a>\n\t\t\t\t\t\t\t\t\t<\/li>\n\t\t\t\t\t\t<\/ul>\n\t\t\t\t\t\t<\/div>\n\t\t\t\t<\/div>\n\t\t\t\t<\/div>\n\t\t\t\t<\/div>\n\t\t\t\t<\/div>\n\t\t\t\t\t<\/div>\n\t\t\t\t<\/div>\n\t\t\t\t<\/div>\n\t\t","protected":false},"excerpt":{"rendered":"<p>Nuovo! Style3D | Assyst lancia il cloud europeo per la moda e l&#8217;abbigliamento sportivo Collaborazione e gestione degli asset digitali per la moda, lo sport, l&#8217;abbigliamento da lavoro e la vendita al dettaglio completamente conformi al GDPR Monaco di Baviera, 28.11.2023 &#8211; Style3D Cloud, la piattaforma leader nel settore della moda per la collaborazione e la gestione degli asset digitali di Style3D, \u00e8 ora disponibile in Europa. Questa mossa fornisce ai clienti di Style3D | Assyst in Europa un portafoglio di prodotti completamente conforme al GDPR. Con la piattaforma di moda Style3D | Assyst, i marchi di abbigliamento, i rivenditori e i fornitori possono fornire in modo sicuro contenuti digitali e collaborare all&#8217;interno dei loro team. Gli asset digitali possono essere elaborati e riutilizzati in modo efficiente in qualsiasi momento, aumentando il valore di ogni modello 3D creato. I flussi di lavoro diventano molto pi\u00f9 veloci e i team collaborano efficacemente in tempo reale. Style3D Cloud fa parte del portafoglio di prodotti integrati end-to-end di Style3D | Assyst, dalla progettazione 3D e dal modello CAD 2D alle piattaforme di produzione e promozione. I nostri prodotti soddisfano tutti i requisiti dei nostri clienti in termini di funzionalit\u00e0 e conformit\u00e0 a tutte le normative europee. Il feedback positivo del mercato \u00e8 stato enorme. Hans Peter HiemerCEO, Style3D | ASSYST Informazioni su Style3D e Style3D | ASSYST Style3D \u00e8 un&#8217;azienda leader a livello mondiale nella tecnologia digitale per la moda, che offre modellazione 3D avanzata, soluzioni di design basate sull&#8217;intelligenza artificiale e strumenti di produzione digitale. Impegnata nell&#8217;innovazione, Style3D sta plasmando il futuro della moda con soluzioni sostenibili, efficienti e all&#8217;avanguardia per stilisti e marchi di tutto il mondo. Style3D \u00e8 rappresentata in Europa da Style3D | ASSYST. Contatto con la stampa Giovanna Lang\u00e8Tel.: +39 (0)29376921contact.it@assyst.de Media Scarica un&#8217;immagine di alta qualit\u00e0<\/p>\n","protected":false},"author":6,"featured_media":5671,"comment_status":"closed","ping_status":"closed","sticky":false,"template":"","format":"standard","meta":{"_acf_changed":false,"content-type":"","footnotes":""},"categories":[56],"tags":[],"class_list":["post-6390","post","type-post","status-publish","format-standard","has-post-thumbnail","hentry","category-stampa"],"acf":[],"yoast_head":"<!-- This site is optimized with the Yoast SEO plugin v27.5 - https:\/\/yoast.com\/product\/yoast-seo-wordpress\/ -->\n<title>- %<\/title>\n<meta name=\"description\" content=\"Nuova soluzione CLoud EU, conforme al GDPR europeo, per la collaborazione e la gestione degli asset digitali\" \/>\n<meta name=\"robots\" content=\"index, follow, max-snippet:-1, max-image-preview:large, max-video-preview:-1\" \/>\n<link rel=\"canonical\" href=\"https:\/\/style3d-assyst.com\/it\/lancia-il-cloud-ue\/\" \/>\n<meta property=\"og:locale\" content=\"it_IT\" \/>\n<meta property=\"og:type\" content=\"article\" \/>\n<meta property=\"og:title\" content=\"- %\" \/>\n<meta property=\"og:description\" content=\"Nuova soluzione CLoud EU, conforme al GDPR europeo, per la collaborazione e la gestione degli asset digitali\" \/>\n<meta property=\"og:url\" content=\"https:\/\/style3d-assyst.com\/it\/lancia-il-cloud-ue\/\" \/>\n<meta property=\"og:site_name\" content=\"Style3D | Assyst\" \/>\n<meta property=\"article:published_time\" content=\"2023-11-13T08:41:12+00:00\" \/>\n<meta property=\"article:modified_time\" content=\"2025-09-10T11:23:33+00:00\" \/>\n<meta property=\"og:image\" content=\"https:\/\/style3d-assyst.com\/wp-content\/uploads\/2023\/11\/Press_EU_Cloud.jpg\" \/>\n\t<meta property=\"og:image:width\" content=\"800\" \/>\n\t<meta property=\"og:image:height\" content=\"726\" \/>\n\t<meta property=\"og:image:type\" content=\"image\/jpeg\" \/>\n<meta name=\"author\" content=\"Angelika Methner\" \/>\n<meta name=\"twitter:card\" content=\"summary_large_image\" \/>\n<meta name=\"twitter:label1\" content=\"Scritto da\" \/>\n\t<meta name=\"twitter:data1\" content=\"Angelika Methner\" \/>\n\t<meta name=\"twitter:label2\" content=\"Tempo di lettura stimato\" \/>\n\t<meta name=\"twitter:data2\" content=\"3 minuti\" \/>\n<script type=\"application\/ld+json\" class=\"yoast-schema-graph\">{\"@context\":\"https:\\\/\\\/schema.org\",\"@graph\":[{\"@type\":\"Article\",\"@id\":\"https:\\\/\\\/style3d-assyst.com\\\/it\\\/lancia-il-cloud-ue\\\/#article\",\"isPartOf\":{\"@id\":\"https:\\\/\\\/style3d-assyst.com\\\/it\\\/lancia-il-cloud-ue\\\/\"},\"author\":{\"name\":\"Angelika Methner\",\"@id\":\"https:\\\/\\\/style3d-assyst.com\\\/it\\\/#\\\/schema\\\/person\\\/92510ae5027348d2c487bd1552ffb432\"},\"headline\":\"Nasce il Cloud EU\",\"datePublished\":\"2023-11-13T08:41:12+00:00\",\"dateModified\":\"2025-09-10T11:23:33+00:00\",\"mainEntityOfPage\":{\"@id\":\"https:\\\/\\\/style3d-assyst.com\\\/it\\\/lancia-il-cloud-ue\\\/\"},\"wordCount\":316,\"publisher\":{\"@id\":\"https:\\\/\\\/style3d-assyst.com\\\/it\\\/#organization\"},\"image\":{\"@id\":\"https:\\\/\\\/style3d-assyst.com\\\/it\\\/lancia-il-cloud-ue\\\/#primaryimage\"},\"thumbnailUrl\":\"https:\\\/\\\/style3d-assyst.com\\\/wp-content\\\/uploads\\\/2023\\\/11\\\/Press_EU_Cloud.jpg\",\"articleSection\":[\"Stampa\"],\"inLanguage\":\"it-IT\"},{\"@type\":\"WebPage\",\"@id\":\"https:\\\/\\\/style3d-assyst.com\\\/it\\\/lancia-il-cloud-ue\\\/\",\"url\":\"https:\\\/\\\/style3d-assyst.com\\\/it\\\/lancia-il-cloud-ue\\\/\",\"name\":\"- %\",\"isPartOf\":{\"@id\":\"https:\\\/\\\/style3d-assyst.com\\\/it\\\/#website\"},\"primaryImageOfPage\":{\"@id\":\"https:\\\/\\\/style3d-assyst.com\\\/it\\\/lancia-il-cloud-ue\\\/#primaryimage\"},\"image\":{\"@id\":\"https:\\\/\\\/style3d-assyst.com\\\/it\\\/lancia-il-cloud-ue\\\/#primaryimage\"},\"thumbnailUrl\":\"https:\\\/\\\/style3d-assyst.com\\\/wp-content\\\/uploads\\\/2023\\\/11\\\/Press_EU_Cloud.jpg\",\"datePublished\":\"2023-11-13T08:41:12+00:00\",\"dateModified\":\"2025-09-10T11:23:33+00:00\",\"description\":\"Nuova soluzione CLoud EU, conforme al GDPR europeo, per la collaborazione e la gestione degli asset digitali\",\"breadcrumb\":{\"@id\":\"https:\\\/\\\/style3d-assyst.com\\\/it\\\/lancia-il-cloud-ue\\\/#breadcrumb\"},\"inLanguage\":\"it-IT\",\"potentialAction\":[{\"@type\":\"ReadAction\",\"target\":[\"https:\\\/\\\/style3d-assyst.com\\\/it\\\/lancia-il-cloud-ue\\\/\"]}]},{\"@type\":\"ImageObject\",\"inLanguage\":\"it-IT\",\"@id\":\"https:\\\/\\\/style3d-assyst.com\\\/it\\\/lancia-il-cloud-ue\\\/#primaryimage\",\"url\":\"https:\\\/\\\/style3d-assyst.com\\\/wp-content\\\/uploads\\\/2023\\\/11\\\/Press_EU_Cloud.jpg\",\"contentUrl\":\"https:\\\/\\\/style3d-assyst.com\\\/wp-content\\\/uploads\\\/2023\\\/11\\\/Press_EU_Cloud.jpg\",\"width\":800,\"height\":726,\"caption\":\"Nuvola UE\"},{\"@type\":\"BreadcrumbList\",\"@id\":\"https:\\\/\\\/style3d-assyst.com\\\/it\\\/lancia-il-cloud-ue\\\/#breadcrumb\",\"itemListElement\":[{\"@type\":\"ListItem\",\"position\":1,\"name\":\"Sito iniziale\",\"item\":\"https:\\\/\\\/style3d-assyst.com\\\/it\\\/\"},{\"@type\":\"ListItem\",\"position\":2,\"name\":\"Nasce il Cloud EU\"}]},{\"@type\":\"WebSite\",\"@id\":\"https:\\\/\\\/style3d-assyst.com\\\/it\\\/#website\",\"url\":\"https:\\\/\\\/style3d-assyst.com\\\/it\\\/\",\"name\":\"Style3D | Assyst\",\"description\":\"Simulazione 3D, 2D-CAD per la struttura modulare\",\"publisher\":{\"@id\":\"https:\\\/\\\/style3d-assyst.com\\\/it\\\/#organization\"},\"potentialAction\":[{\"@type\":\"SearchAction\",\"target\":{\"@type\":\"EntryPoint\",\"urlTemplate\":\"https:\\\/\\\/style3d-assyst.com\\\/it\\\/?s={search_term_string}\"},\"query-input\":{\"@type\":\"PropertyValueSpecification\",\"valueRequired\":true,\"valueName\":\"search_term_string\"}}],\"inLanguage\":\"it-IT\"},{\"@type\":\"Organization\",\"@id\":\"https:\\\/\\\/style3d-assyst.com\\\/it\\\/#organization\",\"name\":\"Style3D | Assyst\",\"url\":\"https:\\\/\\\/style3d-assyst.com\\\/it\\\/\",\"logo\":{\"@type\":\"ImageObject\",\"inLanguage\":\"it-IT\",\"@id\":\"https:\\\/\\\/style3d-assyst.com\\\/it\\\/#\\\/schema\\\/logo\\\/image\\\/\",\"url\":\"https:\\\/\\\/style3d-assyst.com\\\/wp-content\\\/uploads\\\/2025\\\/06\\\/logo-style3d-assyst.png\",\"contentUrl\":\"https:\\\/\\\/style3d-assyst.com\\\/wp-content\\\/uploads\\\/2025\\\/06\\\/logo-style3d-assyst.png\",\"width\":855,\"height\":103,\"caption\":\"Style3D | Assyst\"},\"image\":{\"@id\":\"https:\\\/\\\/style3d-assyst.com\\\/it\\\/#\\\/schema\\\/logo\\\/image\\\/\"},\"sameAs\":[\"https:\\\/\\\/www.linkedin.com\\\/company\\\/assyst-gmbh\\\/\",\"https:\\\/\\\/www.instagram.com\\\/style3d.assyst\",\"https:\\\/\\\/www.youtube.com\\\/channel\\\/UCL09FVvHxGd2XGgdM94FD0w\"]},{\"@type\":\"Person\",\"@id\":\"https:\\\/\\\/style3d-assyst.com\\\/it\\\/#\\\/schema\\\/person\\\/92510ae5027348d2c487bd1552ffb432\",\"name\":\"Angelika Methner\",\"image\":{\"@type\":\"ImageObject\",\"inLanguage\":\"it-IT\",\"@id\":\"https:\\\/\\\/secure.gravatar.com\\\/avatar\\\/5f6e24240d2b1d1695ed2ba46a580c10b05afb054ffd2425c331501791a4eaaa?s=96&d=mm&r=g\",\"url\":\"https:\\\/\\\/secure.gravatar.com\\\/avatar\\\/5f6e24240d2b1d1695ed2ba46a580c10b05afb054ffd2425c331501791a4eaaa?s=96&d=mm&r=g\",\"contentUrl\":\"https:\\\/\\\/secure.gravatar.com\\\/avatar\\\/5f6e24240d2b1d1695ed2ba46a580c10b05afb054ffd2425c331501791a4eaaa?s=96&d=mm&r=g\",\"caption\":\"Angelika Methner\"},\"url\":\"https:\\\/\\\/style3d-assyst.com\\\/it\\\/author\\\/amethner\\\/\"}]}<\/script>\n<!-- \/ Yoast SEO plugin. -->","yoast_head_json":{"title":"- %","description":"Nuova soluzione CLoud EU, conforme al GDPR europeo, per la collaborazione e la gestione degli asset digitali","robots":{"index":"index","follow":"follow","max-snippet":"max-snippet:-1","max-image-preview":"max-image-preview:large","max-video-preview":"max-video-preview:-1"},"canonical":"https:\/\/style3d-assyst.com\/it\/lancia-il-cloud-ue\/","og_locale":"it_IT","og_type":"article","og_title":"- %","og_description":"Nuova soluzione CLoud EU, conforme al GDPR europeo, per la collaborazione e la gestione degli asset digitali","og_url":"https:\/\/style3d-assyst.com\/it\/lancia-il-cloud-ue\/","og_site_name":"Style3D | Assyst","article_published_time":"2023-11-13T08:41:12+00:00","article_modified_time":"2025-09-10T11:23:33+00:00","og_image":[{"width":800,"height":726,"url":"https:\/\/style3d-assyst.com\/wp-content\/uploads\/2023\/11\/Press_EU_Cloud.jpg","type":"image\/jpeg"}],"author":"Angelika Methner","twitter_card":"summary_large_image","twitter_misc":{"Scritto da":"Angelika Methner","Tempo di lettura stimato":"3 minuti"},"schema":{"@context":"https:\/\/schema.org","@graph":[{"@type":"Article","@id":"https:\/\/style3d-assyst.com\/it\/lancia-il-cloud-ue\/#article","isPartOf":{"@id":"https:\/\/style3d-assyst.com\/it\/lancia-il-cloud-ue\/"},"author":{"name":"Angelika Methner","@id":"https:\/\/style3d-assyst.com\/it\/#\/schema\/person\/92510ae5027348d2c487bd1552ffb432"},"headline":"Nasce il Cloud EU","datePublished":"2023-11-13T08:41:12+00:00","dateModified":"2025-09-10T11:23:33+00:00","mainEntityOfPage":{"@id":"https:\/\/style3d-assyst.com\/it\/lancia-il-cloud-ue\/"},"wordCount":316,"publisher":{"@id":"https:\/\/style3d-assyst.com\/it\/#organization"},"image":{"@id":"https:\/\/style3d-assyst.com\/it\/lancia-il-cloud-ue\/#primaryimage"},"thumbnailUrl":"https:\/\/style3d-assyst.com\/wp-content\/uploads\/2023\/11\/Press_EU_Cloud.jpg","articleSection":["Stampa"],"inLanguage":"it-IT"},{"@type":"WebPage","@id":"https:\/\/style3d-assyst.com\/it\/lancia-il-cloud-ue\/","url":"https:\/\/style3d-assyst.com\/it\/lancia-il-cloud-ue\/","name":"- %","isPartOf":{"@id":"https:\/\/style3d-assyst.com\/it\/#website"},"primaryImageOfPage":{"@id":"https:\/\/style3d-assyst.com\/it\/lancia-il-cloud-ue\/#primaryimage"},"image":{"@id":"https:\/\/style3d-assyst.com\/it\/lancia-il-cloud-ue\/#primaryimage"},"thumbnailUrl":"https:\/\/style3d-assyst.com\/wp-content\/uploads\/2023\/11\/Press_EU_Cloud.jpg","datePublished":"2023-11-13T08:41:12+00:00","dateModified":"2025-09-10T11:23:33+00:00","description":"Nuova soluzione CLoud EU, conforme al GDPR europeo, per la collaborazione e la gestione degli asset digitali","breadcrumb":{"@id":"https:\/\/style3d-assyst.com\/it\/lancia-il-cloud-ue\/#breadcrumb"},"inLanguage":"it-IT","potentialAction":[{"@type":"ReadAction","target":["https:\/\/style3d-assyst.com\/it\/lancia-il-cloud-ue\/"]}]},{"@type":"ImageObject","inLanguage":"it-IT","@id":"https:\/\/style3d-assyst.com\/it\/lancia-il-cloud-ue\/#primaryimage","url":"https:\/\/style3d-assyst.com\/wp-content\/uploads\/2023\/11\/Press_EU_Cloud.jpg","contentUrl":"https:\/\/style3d-assyst.com\/wp-content\/uploads\/2023\/11\/Press_EU_Cloud.jpg","width":800,"height":726,"caption":"Nuvola UE"},{"@type":"BreadcrumbList","@id":"https:\/\/style3d-assyst.com\/it\/lancia-il-cloud-ue\/#breadcrumb","itemListElement":[{"@type":"ListItem","position":1,"name":"Sito iniziale","item":"https:\/\/style3d-assyst.com\/it\/"},{"@type":"ListItem","position":2,"name":"Nasce il Cloud EU"}]},{"@type":"WebSite","@id":"https:\/\/style3d-assyst.com\/it\/#website","url":"https:\/\/style3d-assyst.com\/it\/","name":"Style3D | Assyst","description":"Simulazione 3D, 2D-CAD per la struttura modulare","publisher":{"@id":"https:\/\/style3d-assyst.com\/it\/#organization"},"potentialAction":[{"@type":"SearchAction","target":{"@type":"EntryPoint","urlTemplate":"https:\/\/style3d-assyst.com\/it\/?s={search_term_string}"},"query-input":{"@type":"PropertyValueSpecification","valueRequired":true,"valueName":"search_term_string"}}],"inLanguage":"it-IT"},{"@type":"Organization","@id":"https:\/\/style3d-assyst.com\/it\/#organization","name":"Style3D | Assyst","url":"https:\/\/style3d-assyst.com\/it\/","logo":{"@type":"ImageObject","inLanguage":"it-IT","@id":"https:\/\/style3d-assyst.com\/it\/#\/schema\/logo\/image\/","url":"https:\/\/style3d-assyst.com\/wp-content\/uploads\/2025\/06\/logo-style3d-assyst.png","contentUrl":"https:\/\/style3d-assyst.com\/wp-content\/uploads\/2025\/06\/logo-style3d-assyst.png","width":855,"height":103,"caption":"Style3D | Assyst"},"image":{"@id":"https:\/\/style3d-assyst.com\/it\/#\/schema\/logo\/image\/"},"sameAs":["https:\/\/www.linkedin.com\/company\/assyst-gmbh\/","https:\/\/www.instagram.com\/style3d.assyst","https:\/\/www.youtube.com\/channel\/UCL09FVvHxGd2XGgdM94FD0w"]},{"@type":"Person","@id":"https:\/\/style3d-assyst.com\/it\/#\/schema\/person\/92510ae5027348d2c487bd1552ffb432","name":"Angelika Methner","image":{"@type":"ImageObject","inLanguage":"it-IT","@id":"https:\/\/secure.gravatar.com\/avatar\/5f6e24240d2b1d1695ed2ba46a580c10b05afb054ffd2425c331501791a4eaaa?s=96&d=mm&r=g","url":"https:\/\/secure.gravatar.com\/avatar\/5f6e24240d2b1d1695ed2ba46a580c10b05afb054ffd2425c331501791a4eaaa?s=96&d=mm&r=g","contentUrl":"https:\/\/secure.gravatar.com\/avatar\/5f6e24240d2b1d1695ed2ba46a580c10b05afb054ffd2425c331501791a4eaaa?s=96&d=mm&r=g","caption":"Angelika Methner"},"url":"https:\/\/style3d-assyst.com\/it\/author\/amethner\/"}]}},"_links":{"self":[{"href":"https:\/\/style3d-assyst.com\/it\/wp-json\/wp\/v2\/posts\/6390","targetHints":{"allow":["GET"]}}],"collection":[{"href":"https:\/\/style3d-assyst.com\/it\/wp-json\/wp\/v2\/posts"}],"about":[{"href":"https:\/\/style3d-assyst.com\/it\/wp-json\/wp\/v2\/types\/post"}],"author":[{"embeddable":true,"href":"https:\/\/style3d-assyst.com\/it\/wp-json\/wp\/v2\/users\/6"}],"replies":[{"embeddable":true,"href":"https:\/\/style3d-assyst.com\/it\/wp-json\/wp\/v2\/comments?post=6390"}],"version-history":[{"count":6,"href":"https:\/\/style3d-assyst.com\/it\/wp-json\/wp\/v2\/posts\/6390\/revisions"}],"predecessor-version":[{"id":9396,"href":"https:\/\/style3d-assyst.com\/it\/wp-json\/wp\/v2\/posts\/6390\/revisions\/9396"}],"wp:featuredmedia":[{"embeddable":true,"href":"https:\/\/style3d-assyst.com\/it\/wp-json\/wp\/v2\/media\/5671"}],"wp:attachment":[{"href":"https:\/\/style3d-assyst.com\/it\/wp-json\/wp\/v2\/media?parent=6390"}],"wp:term":[{"taxonomy":"category","embeddable":true,"href":"https:\/\/style3d-assyst.com\/it\/wp-json\/wp\/v2\/categories?post=6390"},{"taxonomy":"post_tag","embeddable":true,"href":"https:\/\/style3d-assyst.com\/it\/wp-json\/wp\/v2\/tags?post=6390"}],"curies":[{"name":"wp","href":"https:\/\/api.w.org\/{rel}","templated":true}]}}