{"id":6387,"date":"2024-01-23T09:26:31","date_gmt":"2024-01-23T08:26:31","guid":{"rendered":"https:\/\/style3d-assyst.com\/style3d-assyst-a-monaco-fabric-start-23\/"},"modified":"2025-09-10T12:53:15","modified_gmt":"2025-09-10T10:53:15","slug":"style3d-assyst-a-monaco-fabric-start-23","status":"publish","type":"post","link":"https:\/\/style3d-assyst.com\/it\/style3d-assyst-a-monaco-fabric-start-23\/","title":{"rendered":"Style3D | ASSYST al Munich Fabric Start 23"},"content":{"rendered":"\t\t<div data-elementor-type=\"wp-post\" data-elementor-id=\"6387\" class=\"elementor elementor-6387 elementor-5623\" data-elementor-post-type=\"post\">\n\t\t\t\t<div class=\"elementor-element elementor-element-7ecc39e e-flex e-con-boxed wpr-particle-no wpr-jarallax-no wpr-parallax-no wpr-sticky-section-no e-con e-parent\" data-id=\"7ecc39e\" data-element_type=\"container\" data-e-type=\"container\" data-settings=\"{&quot;background_background&quot;:&quot;classic&quot;}\">\n\t\t\t\t\t<div class=\"e-con-inner\">\n\t\t\t\t<div class=\"elementor-element elementor-element-6ea859e elementor-widget elementor-widget-heading\" data-id=\"6ea859e\" data-element_type=\"widget\" data-e-type=\"widget\" data-widget_type=\"heading.default\">\n\t\t\t\t<div class=\"elementor-widget-container\">\n\t\t\t\t\t<h2 class=\"elementor-heading-title elementor-size-default\">AI + 3D\/2D: Style3D | ASSYST presenta il primo processo di moda senza soluzione di continuit\u00e0 al Munich Fabric Start 2024<\/h2>\t\t\t\t<\/div>\n\t\t\t\t<\/div>\n\t\t<div class=\"elementor-element elementor-element-d978000 e-con-full e-flex wpr-particle-no wpr-jarallax-no wpr-parallax-no wpr-sticky-section-no e-con e-child\" data-id=\"d978000\" data-element_type=\"container\" data-e-type=\"container\">\n\t\t<div class=\"elementor-element elementor-element-7bf28b1 e-con-full e-flex wpr-particle-no wpr-jarallax-no wpr-parallax-no wpr-sticky-section-no e-con e-child\" data-id=\"7bf28b1\" data-element_type=\"container\" data-e-type=\"container\">\n\t\t\t\t<div class=\"elementor-element elementor-element-191be5c elementor-widget elementor-widget-text-editor\" data-id=\"191be5c\" data-element_type=\"widget\" data-e-type=\"widget\" data-widget_type=\"text-editor.default\">\n\t\t\t\t<div class=\"elementor-widget-container\">\n\t\t\t\t\t\t\t\t\t<p>Monaco, 23.01.2024 \u2013 A Munich Fabric Start, Style3D | ASSYST rivoluziona il settore presentando per la prima volta un processo moda completamente integrato. Dal brand al produttore, ogni fase della filiera diventa connessa e senza interruzioni: digitalizzazione dei tessuti, design 3D, animazione, cartamodelli 2D, previsioni materiali, nesting e ottimizzazione ordini. Tutto in un unico flusso, guidato dai nuovi trend colori della fiera.  <\/p>\t\t\t\t\t\t\t\t<\/div>\n\t\t\t\t<\/div>\n\t\t\t\t<div class=\"elementor-element elementor-element-cdf6813 elementor-testimonial--layout-image_above elementor-testimonial--skin-default elementor-testimonial--align-center elementor-arrows-yes elementor-pagination-type-bullets elementor-widget elementor-widget-testimonial-carousel\" data-id=\"cdf6813\" data-element_type=\"widget\" data-e-type=\"widget\" data-settings=\"{&quot;slides_per_view&quot;:&quot;1&quot;,&quot;show_arrows&quot;:&quot;yes&quot;,&quot;pagination&quot;:&quot;bullets&quot;,&quot;speed&quot;:500,&quot;autoplay&quot;:&quot;yes&quot;,&quot;autoplay_speed&quot;:5000,&quot;loop&quot;:&quot;yes&quot;,&quot;pause_on_hover&quot;:&quot;yes&quot;,&quot;pause_on_interaction&quot;:&quot;yes&quot;,&quot;space_between&quot;:{&quot;unit&quot;:&quot;px&quot;,&quot;size&quot;:10,&quot;sizes&quot;:[]},&quot;space_between_tablet&quot;:{&quot;unit&quot;:&quot;px&quot;,&quot;size&quot;:10,&quot;sizes&quot;:[]},&quot;space_between_mobile&quot;:{&quot;unit&quot;:&quot;px&quot;,&quot;size&quot;:10,&quot;sizes&quot;:[]}}\" data-widget_type=\"testimonial-carousel.default\">\n\t\t\t\t<div class=\"elementor-widget-container\">\n\t\t\t\t\t\t\t\t\t<div class=\"elementor-swiper\">\n\t\t\t\t\t<div class=\"elementor-main-swiper swiper\" role=\"region\" aria-roledescription=\"carousel\" aria-label=\"Slides\">\n\t\t\t\t<div class=\"swiper-wrapper\">\n\t\t\t\t\t\t\t\t\t\t\t<div class=\"swiper-slide\" role=\"group\" aria-roledescription=\"slide\">\n\t\t\t\t\t\t\t\t\t<div class=\"elementor-testimonial\">\n\t\t\t\t\t\t\t<div class=\"elementor-testimonial__content\">\n\t\t\t\t\t<div class=\"elementor-testimonial__text\">\n\t\t\t\t\t\t<p>In qualit\u00e0 di unica azienda di fashion tech, combiniamo il CAD 3D e 2D con l'intelligenza artificiale (AI), creando un valore aggiunto tangibile per il settore della moda. Questo supporta i marchi e i produttori di moda in trasformazioni cruciali per rimanere competitivi. <\/p>\n\t\t\t\t\t<\/div>\n\t\t\t\t\t<cite class=\"elementor-testimonial__cite\"><span class=\"elementor-testimonial__name\">Hans Peter Hiemer<\/span><span class=\"elementor-testimonial__title\">CEO, Style3D | ASSYST<\/span><\/cite>\t\t\t\t<\/div>\n\t\t\t\t\t\t<div class=\"elementor-testimonial__footer\">\n\t\t\t\t\t\t\t\t\t<div class=\"elementor-testimonial__image\">\n\t\t\t\t\t\t<img decoding=\"async\" src=\"https:\/\/style3d-assyst.com\/wp-content\/uploads\/2025\/07\/quote-sign-testimonials.jpg\" alt=\"Quote Icon\">\n\t\t\t\t\t\t\t\t\t\t\t<\/div>\n\t\t\t\t\t\t\t\t\t\t\t<\/div>\n\t\t<\/div>\n\t\t\t\t\t\t\t\t<\/div>\n\t\t\t\t\t\t\t\t\t<\/div>\n\t\t\t\t\t\t\t<\/div>\n\t\t\t\t<\/div>\n\t\t\t\t\t\t\t\t<\/div>\n\t\t\t\t<\/div>\n\t\t\t\t<div class=\"elementor-element elementor-element-fee76b4 elementor-widget elementor-widget-text-editor\" data-id=\"fee76b4\" data-element_type=\"widget\" data-e-type=\"widget\" data-widget_type=\"text-editor.default\">\n\t\t\t\t<div class=\"elementor-widget-container\">\n\t\t\t\t\t\t\t\t\t<h3><b>I punti salienti del Fashion-Tech al Munich Fabric Start<\/b><\/h3><ul><li><b>3D\/2D.Connect:<\/b> aggiornamenti in tempo reale del disegno 3D e del modello 2D (lancio del prodotto)<\/li><li><b>AI + 3D:<\/b> a che punto \u00e8 l&#8217;AI per la moda e quali sono i vantaggi dell&#8217;aggiunta di un software 3D? (anteprima del prodotto) <\/li><li><b>Style3D Cloud<\/b> (conforme al GDPR) (lancio del prodotto)<\/li><li><b>Digitalizzazione del tessuto<\/b> &#8211; tessuto digitale dal tessuto al marchio per migliorare la vendita dei tessuti fisici e il processo creativo (demo del prodotto)<\/li><li><b>MixMatch<\/b> &#8211; abiti digitali a grandezza naturale per prendere decisioni pi\u00f9 rapide (demo del prodotto)<\/li><\/ul>\t\t\t\t\t\t\t\t<\/div>\n\t\t\t\t<\/div>\n\t\t\t\t<div class=\"elementor-element elementor-element-a5d17cd elementor-widget elementor-widget-text-editor\" data-id=\"a5d17cd\" data-element_type=\"widget\" data-e-type=\"widget\" data-widget_type=\"text-editor.default\">\n\t\t\t\t<div class=\"elementor-widget-container\">\n\t\t\t\t\t\t\t\t\t<p>  Style3D | ASSYST esporr\u00e0 dal 23.1.24 al 25.1.24 al Munich Fabric Start nel padiglione 2, stand D24, oltre che a Milano Unica (dal 29.1. all&#8217;1.2.24) e al Premier Vision di Parigi (dal 6.2. all&#8217;8.2.).<\/p>\t\t\t\t\t\t\t\t<\/div>\n\t\t\t\t<\/div>\n\t\t\t\t<div class=\"elementor-element elementor-element-31bbee0 elementor-widget elementor-widget-spacer\" data-id=\"31bbee0\" data-element_type=\"widget\" data-e-type=\"widget\" data-widget_type=\"spacer.default\">\n\t\t\t\t<div class=\"elementor-widget-container\">\n\t\t\t\t\t\t\t<div class=\"elementor-spacer\">\n\t\t\t<div class=\"elementor-spacer-inner\"><\/div>\n\t\t<\/div>\n\t\t\t\t\t\t<\/div>\n\t\t\t\t<\/div>\n\t\t\t\t<div class=\"elementor-element elementor-element-f6c4d01 elementor-widget elementor-widget-text-editor\" data-id=\"f6c4d01\" data-element_type=\"widget\" data-e-type=\"widget\" data-widget_type=\"text-editor.default\">\n\t\t\t\t<div class=\"elementor-widget-container\">\n\t\t\t\t\t\t\t\t\t<h3>Informazioni su Style3D e Style3D | ASSYST<\/h3><p>Style3D \u00e8 un&#8217;azienda leader a livello mondiale nella tecnologia digitale per la moda, che offre modellazione 3D avanzata, soluzioni di design basate sull&#8217;intelligenza artificiale e strumenti di produzione digitale. Impegnata nell&#8217;innovazione, Style3D sta plasmando il futuro della moda con soluzioni sostenibili, efficienti e all&#8217;avanguardia per stilisti e marchi di tutto il mondo. Style3D \u00e8 rappresentata in Europa da Style3D | ASSYST.  <\/p>\t\t\t\t\t\t\t\t<\/div>\n\t\t\t\t<\/div>\n\t\t\t\t<\/div>\n\t\t<div class=\"elementor-element elementor-element-3b17454 e-con-full e-flex wpr-particle-no wpr-jarallax-no wpr-parallax-no wpr-sticky-section-no e-con e-child\" data-id=\"3b17454\" data-element_type=\"container\" data-e-type=\"container\">\n\t\t\t\t<div class=\"elementor-element elementor-element-2225667 elementor-widget elementor-widget-image\" data-id=\"2225667\" data-element_type=\"widget\" data-e-type=\"widget\" data-widget_type=\"image.default\">\n\t\t\t\t<div class=\"elementor-widget-container\">\n\t\t\t\t\t\t\t\t\t\t\t\t\t\t\t<img fetchpriority=\"high\" decoding=\"async\" width=\"576\" height=\"1024\" src=\"https:\/\/style3d-assyst.com\/wp-content\/uploads\/2024\/01\/assyst_desktop_ai_2160x3840_x1-576x1024.jpg\" class=\"attachment-large size-large wp-image-5642\" alt=\"Style3D | ASSYST a Monaco Fabric Start\" srcset=\"https:\/\/style3d-assyst.com\/wp-content\/uploads\/2024\/01\/assyst_desktop_ai_2160x3840_x1-576x1024.jpg 576w, https:\/\/style3d-assyst.com\/wp-content\/uploads\/2024\/01\/assyst_desktop_ai_2160x3840_x1-169x300.jpg 169w, https:\/\/style3d-assyst.com\/wp-content\/uploads\/2024\/01\/assyst_desktop_ai_2160x3840_x1-768x1365.jpg 768w, https:\/\/style3d-assyst.com\/wp-content\/uploads\/2024\/01\/assyst_desktop_ai_2160x3840_x1-864x1536.jpg 864w, https:\/\/style3d-assyst.com\/wp-content\/uploads\/2024\/01\/assyst_desktop_ai_2160x3840_x1-1152x2048.jpg 1152w, https:\/\/style3d-assyst.com\/wp-content\/uploads\/2024\/01\/assyst_desktop_ai_2160x3840_x1-scaled.jpg 1440w\" sizes=\"(max-width: 576px) 100vw, 576px\" \/>\t\t\t\t\t\t\t\t\t\t\t\t\t\t\t<\/div>\n\t\t\t\t<\/div>\n\t\t<div class=\"elementor-element elementor-element-279d468 e-con-full e-flex wpr-particle-no wpr-jarallax-no wpr-parallax-no wpr-sticky-section-no e-con e-child\" data-id=\"279d468\" data-element_type=\"container\" data-e-type=\"container\">\n\t\t\t\t<div class=\"elementor-element elementor-element-673581e elementor-widget elementor-widget-heading\" data-id=\"673581e\" data-element_type=\"widget\" data-e-type=\"widget\" data-widget_type=\"heading.default\">\n\t\t\t\t<div class=\"elementor-widget-container\">\n\t\t\t\t\t<h3 class=\"elementor-heading-title elementor-size-default\">Contatto con la stampa<\/h3>\t\t\t\t<\/div>\n\t\t\t\t<\/div>\n\t\t\t\t<div class=\"elementor-element elementor-element-9a2b022 elementor-widget elementor-widget-image\" data-id=\"9a2b022\" data-element_type=\"widget\" data-e-type=\"widget\" data-widget_type=\"image.default\">\n\t\t\t\t<div class=\"elementor-widget-container\">\n\t\t\t\t\t\t\t\t\t\t\t\t\t\t\t<img decoding=\"async\" src=\"https:\/\/style3d-assyst.com\/wp-content\/uploads\/elementor\/thumbs\/giovanna-lange-1-rb9niai8xhsr17zee2cjp0at4799jt350ij0cnu5bk.png\" title=\"giovanna lange\" alt=\"Giovanna Lang\u00e8 Press\" loading=\"lazy\" \/>\t\t\t\t\t\t\t\t\t\t\t\t\t\t\t<\/div>\n\t\t\t\t<\/div>\n\t\t\t\t<div class=\"elementor-element elementor-element-d0957ca elementor-widget elementor-widget-text-editor\" data-id=\"d0957ca\" data-element_type=\"widget\" data-e-type=\"widget\" data-widget_type=\"text-editor.default\">\n\t\t\t\t<div class=\"elementor-widget-container\">\n\t\t\t\t\t\t\t\t\t<div class=\"col-12 col-sm-12 col-md-6 d-flex align-items-stretch\"><div class=\"productsplain text-center shadow d-flex align-items-center\"><div class=\"content text-center\"><p>Giovanna Lang\u00e8<br>Tel.: +39 (0)29376921<br><a href=\"mailto:contact@assyst.de\" target=\"_blank\" rel=\"noopener\">contact.it@assyst.de<\/a><\/p><\/div><\/div><\/div>\t\t\t\t\t\t\t\t<\/div>\n\t\t\t\t<\/div>\n\t\t\t\t<\/div>\n\t\t<div class=\"elementor-element elementor-element-2c68c5b e-con-full e-flex wpr-particle-no wpr-jarallax-no wpr-parallax-no wpr-sticky-section-no e-con e-child\" data-id=\"2c68c5b\" data-element_type=\"container\" data-e-type=\"container\">\n\t\t\t\t<div class=\"elementor-element elementor-element-e159ad8 elementor-widget elementor-widget-heading\" data-id=\"e159ad8\" data-element_type=\"widget\" data-e-type=\"widget\" data-widget_type=\"heading.default\">\n\t\t\t\t<div class=\"elementor-widget-container\">\n\t\t\t\t\t<h3 class=\"elementor-heading-title elementor-size-default\">Media<\/h3>\t\t\t\t<\/div>\n\t\t\t\t<\/div>\n\t\t\t\t<div class=\"elementor-element elementor-element-4f9184b elementor-icon-list--layout-traditional elementor-list-item-link-full_width elementor-widget elementor-widget-icon-list\" data-id=\"4f9184b\" data-element_type=\"widget\" data-e-type=\"widget\" data-widget_type=\"icon-list.default\">\n\t\t\t\t<div class=\"elementor-widget-container\">\n\t\t\t\t\t\t\t<ul class=\"elementor-icon-list-items\">\n\t\t\t\t\t\t\t<li class=\"elementor-icon-list-item\">\n\t\t\t\t\t\t\t\t\t\t\t<a href=\"https:\/\/style3d-assyst.com\/wp-content\/uploads\/2025\/08\/Munich-Fabric-Start.zip\" target=\"_blank\">\n\n\t\t\t\t\t\t\t\t\t\t\t\t<span class=\"elementor-icon-list-icon\">\n\t\t\t\t\t\t\t<svg aria-hidden=\"true\" class=\"e-font-icon-svg e-fas-cloud-download-alt\" viewBox=\"0 0 640 512\" xmlns=\"http:\/\/www.w3.org\/2000\/svg\"><path d=\"M537.6 226.6c4.1-10.7 6.4-22.4 6.4-34.6 0-53-43-96-96-96-19.7 0-38.1 6-53.3 16.2C367 64.2 315.3 32 256 32c-88.4 0-160 71.6-160 160 0 2.7.1 5.4.2 8.1C40.2 219.8 0 273.2 0 336c0 79.5 64.5 144 144 144h368c70.7 0 128-57.3 128-128 0-61.9-44-113.6-102.4-125.4zm-132.9 88.7L299.3 420.7c-6.2 6.2-16.4 6.2-22.6 0L171.3 315.3c-10.1-10.1-2.9-27.3 11.3-27.3H248V176c0-8.8 7.2-16 16-16h48c8.8 0 16 7.2 16 16v112h65.4c14.2 0 21.4 17.2 11.3 27.3z\"><\/path><\/svg>\t\t\t\t\t\t<\/span>\n\t\t\t\t\t\t\t\t\t\t<span class=\"elementor-icon-list-text\">Scarica visual di alta qualit\u00e0<\/span>\n\t\t\t\t\t\t\t\t\t\t\t<\/a>\n\t\t\t\t\t\t\t\t\t<\/li>\n\t\t\t\t\t\t<\/ul>\n\t\t\t\t\t\t<\/div>\n\t\t\t\t<\/div>\n\t\t\t\t<\/div>\n\t\t\t\t<\/div>\n\t\t\t\t<\/div>\n\t\t\t\t\t<\/div>\n\t\t\t\t<\/div>\n\t\t\t\t<\/div>\n\t\t","protected":false},"excerpt":{"rendered":"<p>AI + 3D\/2D: Style3D | ASSYST presenta il primo processo di moda senza soluzione di continuit\u00e0 al Munich Fabric Start 2024 Monaco, 23.01.2024 \u2013 A Munich Fabric Start, Style3D | ASSYST rivoluziona il settore presentando per la prima volta un processo moda completamente integrato. Dal brand al produttore, ogni fase della filiera diventa connessa e senza interruzioni: digitalizzazione dei tessuti, design 3D, animazione, cartamodelli 2D, previsioni materiali, nesting e ottimizzazione ordini. Tutto in un unico flusso, guidato dai nuovi trend colori della fiera. In qualit\u00e0 di unica azienda di fashion tech, combiniamo il CAD 3D e 2D con l&#8217;intelligenza artificiale (AI), creando un valore aggiunto tangibile per il settore della moda. Questo supporta i marchi e i produttori di moda in trasformazioni cruciali per rimanere competitivi. Hans Peter HiemerCEO, Style3D | ASSYST I punti salienti del Fashion-Tech al Munich Fabric Start 3D\/2D.Connect: aggiornamenti in tempo reale del disegno 3D e del modello 2D (lancio del prodotto) AI + 3D: a che punto \u00e8 l&#8217;AI per la moda e quali sono i vantaggi dell&#8217;aggiunta di un software 3D? (anteprima del prodotto) Style3D Cloud (conforme al GDPR) (lancio del prodotto) Digitalizzazione del tessuto &#8211; tessuto digitale dal tessuto al marchio per migliorare la vendita dei tessuti fisici e il processo creativo (demo del prodotto) MixMatch &#8211; abiti digitali a grandezza naturale per prendere decisioni pi\u00f9 rapide (demo del prodotto) Style3D | ASSYST esporr\u00e0 dal 23.1.24 al 25.1.24 al Munich Fabric Start nel padiglione 2, stand D24, oltre che a Milano Unica (dal 29.1. all&#8217;1.2.24) e al Premier Vision di Parigi (dal 6.2. all&#8217;8.2.). Informazioni su Style3D e Style3D | ASSYST Style3D \u00e8 un&#8217;azienda leader a livello mondiale nella tecnologia digitale per la moda, che offre modellazione 3D avanzata, soluzioni di design basate sull&#8217;intelligenza artificiale e strumenti di produzione digitale. Impegnata nell&#8217;innovazione, Style3D sta plasmando il futuro della moda con soluzioni sostenibili, efficienti e all&#8217;avanguardia per stilisti e marchi di tutto il mondo. Style3D \u00e8 rappresentata in Europa da Style3D | ASSYST. Contatto con la stampa Giovanna Lang\u00e8Tel.: +39 (0)29376921contact.it@assyst.de Media Scarica visual di alta qualit\u00e0<\/p>\n","protected":false},"author":6,"featured_media":5694,"comment_status":"closed","ping_status":"closed","sticky":false,"template":"","format":"standard","meta":{"_acf_changed":false,"content-type":"","footnotes":""},"categories":[56],"tags":[],"class_list":["post-6387","post","type-post","status-publish","format-standard","has-post-thumbnail","hentry","category-stampa"],"acf":[],"yoast_head":"<!-- This site is optimized with the Yoast SEO plugin v27.5 - https:\/\/yoast.com\/product\/yoast-seo-wordpress\/ -->\n<title>- %<\/title>\n<meta name=\"description\" content=\"Un flusso end-to end per brand e produttori, completamente digitale e integrato, dall&#039;idea, alla produzione, alla vendita\" \/>\n<meta name=\"robots\" content=\"index, follow, max-snippet:-1, max-image-preview:large, max-video-preview:-1\" \/>\n<link rel=\"canonical\" href=\"https:\/\/style3d-assyst.com\/it\/style3d-assyst-a-monaco-fabric-start-23\/\" \/>\n<meta property=\"og:locale\" content=\"it_IT\" \/>\n<meta property=\"og:type\" content=\"article\" \/>\n<meta property=\"og:title\" content=\"- %\" \/>\n<meta property=\"og:description\" content=\"Un flusso end-to end per brand e produttori, completamente digitale e integrato, dall&#039;idea, alla produzione, alla vendita\" \/>\n<meta property=\"og:url\" content=\"https:\/\/style3d-assyst.com\/it\/style3d-assyst-a-monaco-fabric-start-23\/\" \/>\n<meta property=\"og:site_name\" content=\"Style3D | Assyst\" \/>\n<meta property=\"article:published_time\" content=\"2024-01-23T08:26:31+00:00\" \/>\n<meta property=\"article:modified_time\" content=\"2025-09-10T10:53:15+00:00\" \/>\n<meta property=\"og:image\" content=\"https:\/\/style3d-assyst.com\/wp-content\/uploads\/2024\/02\/assyst_desktop_ai_2160x3840_x1.jpg\" \/>\n\t<meta property=\"og:image:width\" content=\"2159\" \/>\n\t<meta property=\"og:image:height\" content=\"2557\" \/>\n\t<meta property=\"og:image:type\" content=\"image\/jpeg\" \/>\n<meta name=\"author\" content=\"Angelika Methner\" \/>\n<meta name=\"twitter:card\" content=\"summary_large_image\" \/>\n<meta name=\"twitter:label1\" content=\"Scritto da\" \/>\n\t<meta name=\"twitter:data1\" content=\"Angelika Methner\" \/>\n\t<meta name=\"twitter:label2\" content=\"Tempo di lettura stimato\" \/>\n\t<meta name=\"twitter:data2\" content=\"3 minuti\" \/>\n<script type=\"application\/ld+json\" class=\"yoast-schema-graph\">{\"@context\":\"https:\\\/\\\/schema.org\",\"@graph\":[{\"@type\":\"Article\",\"@id\":\"https:\\\/\\\/style3d-assyst.com\\\/it\\\/style3d-assyst-a-monaco-fabric-start-23\\\/#article\",\"isPartOf\":{\"@id\":\"https:\\\/\\\/style3d-assyst.com\\\/it\\\/style3d-assyst-a-monaco-fabric-start-23\\\/\"},\"author\":{\"name\":\"Angelika Methner\",\"@id\":\"https:\\\/\\\/style3d-assyst.com\\\/it\\\/#\\\/schema\\\/person\\\/92510ae5027348d2c487bd1552ffb432\"},\"headline\":\"Style3D | ASSYST al Munich Fabric Start 23\",\"datePublished\":\"2024-01-23T08:26:31+00:00\",\"dateModified\":\"2025-09-10T10:53:15+00:00\",\"mainEntityOfPage\":{\"@id\":\"https:\\\/\\\/style3d-assyst.com\\\/it\\\/style3d-assyst-a-monaco-fabric-start-23\\\/\"},\"wordCount\":355,\"publisher\":{\"@id\":\"https:\\\/\\\/style3d-assyst.com\\\/it\\\/#organization\"},\"image\":{\"@id\":\"https:\\\/\\\/style3d-assyst.com\\\/it\\\/style3d-assyst-a-monaco-fabric-start-23\\\/#primaryimage\"},\"thumbnailUrl\":\"https:\\\/\\\/style3d-assyst.com\\\/wp-content\\\/uploads\\\/2024\\\/02\\\/assyst_desktop_ai_2160x3840_x1.jpg\",\"articleSection\":[\"Stampa\"],\"inLanguage\":\"it-IT\"},{\"@type\":\"WebPage\",\"@id\":\"https:\\\/\\\/style3d-assyst.com\\\/it\\\/style3d-assyst-a-monaco-fabric-start-23\\\/\",\"url\":\"https:\\\/\\\/style3d-assyst.com\\\/it\\\/style3d-assyst-a-monaco-fabric-start-23\\\/\",\"name\":\"- %\",\"isPartOf\":{\"@id\":\"https:\\\/\\\/style3d-assyst.com\\\/it\\\/#website\"},\"primaryImageOfPage\":{\"@id\":\"https:\\\/\\\/style3d-assyst.com\\\/it\\\/style3d-assyst-a-monaco-fabric-start-23\\\/#primaryimage\"},\"image\":{\"@id\":\"https:\\\/\\\/style3d-assyst.com\\\/it\\\/style3d-assyst-a-monaco-fabric-start-23\\\/#primaryimage\"},\"thumbnailUrl\":\"https:\\\/\\\/style3d-assyst.com\\\/wp-content\\\/uploads\\\/2024\\\/02\\\/assyst_desktop_ai_2160x3840_x1.jpg\",\"datePublished\":\"2024-01-23T08:26:31+00:00\",\"dateModified\":\"2025-09-10T10:53:15+00:00\",\"description\":\"Un flusso end-to end per brand e produttori, completamente digitale e integrato, dall'idea, alla produzione, alla vendita\",\"breadcrumb\":{\"@id\":\"https:\\\/\\\/style3d-assyst.com\\\/it\\\/style3d-assyst-a-monaco-fabric-start-23\\\/#breadcrumb\"},\"inLanguage\":\"it-IT\",\"potentialAction\":[{\"@type\":\"ReadAction\",\"target\":[\"https:\\\/\\\/style3d-assyst.com\\\/it\\\/style3d-assyst-a-monaco-fabric-start-23\\\/\"]}]},{\"@type\":\"ImageObject\",\"inLanguage\":\"it-IT\",\"@id\":\"https:\\\/\\\/style3d-assyst.com\\\/it\\\/style3d-assyst-a-monaco-fabric-start-23\\\/#primaryimage\",\"url\":\"https:\\\/\\\/style3d-assyst.com\\\/wp-content\\\/uploads\\\/2024\\\/02\\\/assyst_desktop_ai_2160x3840_x1.jpg\",\"contentUrl\":\"https:\\\/\\\/style3d-assyst.com\\\/wp-content\\\/uploads\\\/2024\\\/02\\\/assyst_desktop_ai_2160x3840_x1.jpg\",\"width\":2159,\"height\":2557,\"caption\":\"Inizio tessuto Monaco di Baviera\"},{\"@type\":\"BreadcrumbList\",\"@id\":\"https:\\\/\\\/style3d-assyst.com\\\/it\\\/style3d-assyst-a-monaco-fabric-start-23\\\/#breadcrumb\",\"itemListElement\":[{\"@type\":\"ListItem\",\"position\":1,\"name\":\"Sito iniziale\",\"item\":\"https:\\\/\\\/style3d-assyst.com\\\/it\\\/\"},{\"@type\":\"ListItem\",\"position\":2,\"name\":\"Style3D | ASSYST al Munich Fabric Start 23\"}]},{\"@type\":\"WebSite\",\"@id\":\"https:\\\/\\\/style3d-assyst.com\\\/it\\\/#website\",\"url\":\"https:\\\/\\\/style3d-assyst.com\\\/it\\\/\",\"name\":\"Style3D | Assyst\",\"description\":\"Simulazione 3D, 2D-CAD per la struttura modulare\",\"publisher\":{\"@id\":\"https:\\\/\\\/style3d-assyst.com\\\/it\\\/#organization\"},\"potentialAction\":[{\"@type\":\"SearchAction\",\"target\":{\"@type\":\"EntryPoint\",\"urlTemplate\":\"https:\\\/\\\/style3d-assyst.com\\\/it\\\/?s={search_term_string}\"},\"query-input\":{\"@type\":\"PropertyValueSpecification\",\"valueRequired\":true,\"valueName\":\"search_term_string\"}}],\"inLanguage\":\"it-IT\"},{\"@type\":\"Organization\",\"@id\":\"https:\\\/\\\/style3d-assyst.com\\\/it\\\/#organization\",\"name\":\"Style3D | Assyst\",\"url\":\"https:\\\/\\\/style3d-assyst.com\\\/it\\\/\",\"logo\":{\"@type\":\"ImageObject\",\"inLanguage\":\"it-IT\",\"@id\":\"https:\\\/\\\/style3d-assyst.com\\\/it\\\/#\\\/schema\\\/logo\\\/image\\\/\",\"url\":\"https:\\\/\\\/style3d-assyst.com\\\/wp-content\\\/uploads\\\/2025\\\/06\\\/logo-style3d-assyst.png\",\"contentUrl\":\"https:\\\/\\\/style3d-assyst.com\\\/wp-content\\\/uploads\\\/2025\\\/06\\\/logo-style3d-assyst.png\",\"width\":855,\"height\":103,\"caption\":\"Style3D | Assyst\"},\"image\":{\"@id\":\"https:\\\/\\\/style3d-assyst.com\\\/it\\\/#\\\/schema\\\/logo\\\/image\\\/\"},\"sameAs\":[\"https:\\\/\\\/www.linkedin.com\\\/company\\\/assyst-gmbh\\\/\",\"https:\\\/\\\/www.instagram.com\\\/style3d.assyst\",\"https:\\\/\\\/www.youtube.com\\\/channel\\\/UCL09FVvHxGd2XGgdM94FD0w\"]},{\"@type\":\"Person\",\"@id\":\"https:\\\/\\\/style3d-assyst.com\\\/it\\\/#\\\/schema\\\/person\\\/92510ae5027348d2c487bd1552ffb432\",\"name\":\"Angelika Methner\",\"image\":{\"@type\":\"ImageObject\",\"inLanguage\":\"it-IT\",\"@id\":\"https:\\\/\\\/secure.gravatar.com\\\/avatar\\\/5f6e24240d2b1d1695ed2ba46a580c10b05afb054ffd2425c331501791a4eaaa?s=96&d=mm&r=g\",\"url\":\"https:\\\/\\\/secure.gravatar.com\\\/avatar\\\/5f6e24240d2b1d1695ed2ba46a580c10b05afb054ffd2425c331501791a4eaaa?s=96&d=mm&r=g\",\"contentUrl\":\"https:\\\/\\\/secure.gravatar.com\\\/avatar\\\/5f6e24240d2b1d1695ed2ba46a580c10b05afb054ffd2425c331501791a4eaaa?s=96&d=mm&r=g\",\"caption\":\"Angelika Methner\"},\"url\":\"https:\\\/\\\/style3d-assyst.com\\\/it\\\/author\\\/amethner\\\/\"}]}<\/script>\n<!-- \/ Yoast SEO plugin. -->","yoast_head_json":{"title":"- %","description":"Un flusso end-to end per brand e produttori, completamente digitale e integrato, dall'idea, alla produzione, alla vendita","robots":{"index":"index","follow":"follow","max-snippet":"max-snippet:-1","max-image-preview":"max-image-preview:large","max-video-preview":"max-video-preview:-1"},"canonical":"https:\/\/style3d-assyst.com\/it\/style3d-assyst-a-monaco-fabric-start-23\/","og_locale":"it_IT","og_type":"article","og_title":"- %","og_description":"Un flusso end-to end per brand e produttori, completamente digitale e integrato, dall'idea, alla produzione, alla vendita","og_url":"https:\/\/style3d-assyst.com\/it\/style3d-assyst-a-monaco-fabric-start-23\/","og_site_name":"Style3D | Assyst","article_published_time":"2024-01-23T08:26:31+00:00","article_modified_time":"2025-09-10T10:53:15+00:00","og_image":[{"width":2159,"height":2557,"url":"https:\/\/style3d-assyst.com\/wp-content\/uploads\/2024\/02\/assyst_desktop_ai_2160x3840_x1.jpg","type":"image\/jpeg"}],"author":"Angelika Methner","twitter_card":"summary_large_image","twitter_misc":{"Scritto da":"Angelika Methner","Tempo di lettura stimato":"3 minuti"},"schema":{"@context":"https:\/\/schema.org","@graph":[{"@type":"Article","@id":"https:\/\/style3d-assyst.com\/it\/style3d-assyst-a-monaco-fabric-start-23\/#article","isPartOf":{"@id":"https:\/\/style3d-assyst.com\/it\/style3d-assyst-a-monaco-fabric-start-23\/"},"author":{"name":"Angelika Methner","@id":"https:\/\/style3d-assyst.com\/it\/#\/schema\/person\/92510ae5027348d2c487bd1552ffb432"},"headline":"Style3D | ASSYST al Munich Fabric Start 23","datePublished":"2024-01-23T08:26:31+00:00","dateModified":"2025-09-10T10:53:15+00:00","mainEntityOfPage":{"@id":"https:\/\/style3d-assyst.com\/it\/style3d-assyst-a-monaco-fabric-start-23\/"},"wordCount":355,"publisher":{"@id":"https:\/\/style3d-assyst.com\/it\/#organization"},"image":{"@id":"https:\/\/style3d-assyst.com\/it\/style3d-assyst-a-monaco-fabric-start-23\/#primaryimage"},"thumbnailUrl":"https:\/\/style3d-assyst.com\/wp-content\/uploads\/2024\/02\/assyst_desktop_ai_2160x3840_x1.jpg","articleSection":["Stampa"],"inLanguage":"it-IT"},{"@type":"WebPage","@id":"https:\/\/style3d-assyst.com\/it\/style3d-assyst-a-monaco-fabric-start-23\/","url":"https:\/\/style3d-assyst.com\/it\/style3d-assyst-a-monaco-fabric-start-23\/","name":"- %","isPartOf":{"@id":"https:\/\/style3d-assyst.com\/it\/#website"},"primaryImageOfPage":{"@id":"https:\/\/style3d-assyst.com\/it\/style3d-assyst-a-monaco-fabric-start-23\/#primaryimage"},"image":{"@id":"https:\/\/style3d-assyst.com\/it\/style3d-assyst-a-monaco-fabric-start-23\/#primaryimage"},"thumbnailUrl":"https:\/\/style3d-assyst.com\/wp-content\/uploads\/2024\/02\/assyst_desktop_ai_2160x3840_x1.jpg","datePublished":"2024-01-23T08:26:31+00:00","dateModified":"2025-09-10T10:53:15+00:00","description":"Un flusso end-to end per brand e produttori, completamente digitale e integrato, dall'idea, alla produzione, alla vendita","breadcrumb":{"@id":"https:\/\/style3d-assyst.com\/it\/style3d-assyst-a-monaco-fabric-start-23\/#breadcrumb"},"inLanguage":"it-IT","potentialAction":[{"@type":"ReadAction","target":["https:\/\/style3d-assyst.com\/it\/style3d-assyst-a-monaco-fabric-start-23\/"]}]},{"@type":"ImageObject","inLanguage":"it-IT","@id":"https:\/\/style3d-assyst.com\/it\/style3d-assyst-a-monaco-fabric-start-23\/#primaryimage","url":"https:\/\/style3d-assyst.com\/wp-content\/uploads\/2024\/02\/assyst_desktop_ai_2160x3840_x1.jpg","contentUrl":"https:\/\/style3d-assyst.com\/wp-content\/uploads\/2024\/02\/assyst_desktop_ai_2160x3840_x1.jpg","width":2159,"height":2557,"caption":"Inizio tessuto Monaco di Baviera"},{"@type":"BreadcrumbList","@id":"https:\/\/style3d-assyst.com\/it\/style3d-assyst-a-monaco-fabric-start-23\/#breadcrumb","itemListElement":[{"@type":"ListItem","position":1,"name":"Sito iniziale","item":"https:\/\/style3d-assyst.com\/it\/"},{"@type":"ListItem","position":2,"name":"Style3D | ASSYST al Munich Fabric Start 23"}]},{"@type":"WebSite","@id":"https:\/\/style3d-assyst.com\/it\/#website","url":"https:\/\/style3d-assyst.com\/it\/","name":"Style3D | Assyst","description":"Simulazione 3D, 2D-CAD per la struttura modulare","publisher":{"@id":"https:\/\/style3d-assyst.com\/it\/#organization"},"potentialAction":[{"@type":"SearchAction","target":{"@type":"EntryPoint","urlTemplate":"https:\/\/style3d-assyst.com\/it\/?s={search_term_string}"},"query-input":{"@type":"PropertyValueSpecification","valueRequired":true,"valueName":"search_term_string"}}],"inLanguage":"it-IT"},{"@type":"Organization","@id":"https:\/\/style3d-assyst.com\/it\/#organization","name":"Style3D | Assyst","url":"https:\/\/style3d-assyst.com\/it\/","logo":{"@type":"ImageObject","inLanguage":"it-IT","@id":"https:\/\/style3d-assyst.com\/it\/#\/schema\/logo\/image\/","url":"https:\/\/style3d-assyst.com\/wp-content\/uploads\/2025\/06\/logo-style3d-assyst.png","contentUrl":"https:\/\/style3d-assyst.com\/wp-content\/uploads\/2025\/06\/logo-style3d-assyst.png","width":855,"height":103,"caption":"Style3D | Assyst"},"image":{"@id":"https:\/\/style3d-assyst.com\/it\/#\/schema\/logo\/image\/"},"sameAs":["https:\/\/www.linkedin.com\/company\/assyst-gmbh\/","https:\/\/www.instagram.com\/style3d.assyst","https:\/\/www.youtube.com\/channel\/UCL09FVvHxGd2XGgdM94FD0w"]},{"@type":"Person","@id":"https:\/\/style3d-assyst.com\/it\/#\/schema\/person\/92510ae5027348d2c487bd1552ffb432","name":"Angelika Methner","image":{"@type":"ImageObject","inLanguage":"it-IT","@id":"https:\/\/secure.gravatar.com\/avatar\/5f6e24240d2b1d1695ed2ba46a580c10b05afb054ffd2425c331501791a4eaaa?s=96&d=mm&r=g","url":"https:\/\/secure.gravatar.com\/avatar\/5f6e24240d2b1d1695ed2ba46a580c10b05afb054ffd2425c331501791a4eaaa?s=96&d=mm&r=g","contentUrl":"https:\/\/secure.gravatar.com\/avatar\/5f6e24240d2b1d1695ed2ba46a580c10b05afb054ffd2425c331501791a4eaaa?s=96&d=mm&r=g","caption":"Angelika Methner"},"url":"https:\/\/style3d-assyst.com\/it\/author\/amethner\/"}]}},"_links":{"self":[{"href":"https:\/\/style3d-assyst.com\/it\/wp-json\/wp\/v2\/posts\/6387","targetHints":{"allow":["GET"]}}],"collection":[{"href":"https:\/\/style3d-assyst.com\/it\/wp-json\/wp\/v2\/posts"}],"about":[{"href":"https:\/\/style3d-assyst.com\/it\/wp-json\/wp\/v2\/types\/post"}],"author":[{"embeddable":true,"href":"https:\/\/style3d-assyst.com\/it\/wp-json\/wp\/v2\/users\/6"}],"replies":[{"embeddable":true,"href":"https:\/\/style3d-assyst.com\/it\/wp-json\/wp\/v2\/comments?post=6387"}],"version-history":[{"count":6,"href":"https:\/\/style3d-assyst.com\/it\/wp-json\/wp\/v2\/posts\/6387\/revisions"}],"predecessor-version":[{"id":9378,"href":"https:\/\/style3d-assyst.com\/it\/wp-json\/wp\/v2\/posts\/6387\/revisions\/9378"}],"wp:featuredmedia":[{"embeddable":true,"href":"https:\/\/style3d-assyst.com\/it\/wp-json\/wp\/v2\/media\/5694"}],"wp:attachment":[{"href":"https:\/\/style3d-assyst.com\/it\/wp-json\/wp\/v2\/media?parent=6387"}],"wp:term":[{"taxonomy":"category","embeddable":true,"href":"https:\/\/style3d-assyst.com\/it\/wp-json\/wp\/v2\/categories?post=6387"},{"taxonomy":"post_tag","embeddable":true,"href":"https:\/\/style3d-assyst.com\/it\/wp-json\/wp\/v2\/tags?post=6387"}],"curies":[{"name":"wp","href":"https:\/\/api.w.org\/{rel}","templated":true}]}}