{"id":6384,"date":"2023-11-13T09:41:12","date_gmt":"2023-11-13T08:41:12","guid":{"rendered":"https:\/\/style3d-assyst.com\/eu-cloud-starten\/"},"modified":"2025-09-11T10:35:52","modified_gmt":"2025-09-11T08:35:52","slug":"eu-cloud-starten","status":"publish","type":"post","link":"https:\/\/style3d-assyst.com\/de\/eu-cloud-starten\/","title":{"rendered":"Launch EU Cloud"},"content":{"rendered":"\t\t<div data-elementor-type=\"wp-post\" data-elementor-id=\"6384\" class=\"elementor elementor-6384 elementor-5667\" data-elementor-post-type=\"post\">\n\t\t\t\t<div class=\"elementor-element elementor-element-7ecc39e e-flex e-con-boxed wpr-particle-no wpr-jarallax-no wpr-parallax-no wpr-sticky-section-no e-con e-parent\" data-id=\"7ecc39e\" data-element_type=\"container\" data-e-type=\"container\" data-settings=\"{&quot;background_background&quot;:&quot;classic&quot;}\">\n\t\t\t\t\t<div class=\"e-con-inner\">\n\t\t\t\t<div class=\"elementor-element elementor-element-6ea859e elementor-widget elementor-widget-heading\" data-id=\"6ea859e\" data-element_type=\"widget\" data-e-type=\"widget\" data-widget_type=\"heading.default\">\n\t\t\t\t<div class=\"elementor-widget-container\">\n\t\t\t\t\t<h2 class=\"elementor-heading-title elementor-size-default\">Neu! Style3D | Assyst launcht Europa-Cloud f\u00fcr Fashion &amp; Sportswear<\/h2>\t\t\t\t<\/div>\n\t\t\t\t<\/div>\n\t\t<div class=\"elementor-element elementor-element-d978000 e-con-full e-flex wpr-particle-no wpr-jarallax-no wpr-parallax-no wpr-sticky-section-no e-con e-child\" data-id=\"d978000\" data-element_type=\"container\" data-e-type=\"container\">\n\t\t<div class=\"elementor-element elementor-element-7bf28b1 e-con-full e-flex wpr-particle-no wpr-jarallax-no wpr-parallax-no wpr-sticky-section-no e-con e-child\" data-id=\"7bf28b1\" data-element_type=\"container\" data-e-type=\"container\">\n\t\t\t\t<div class=\"elementor-element elementor-element-191be5c elementor-widget elementor-widget-text-editor\" data-id=\"191be5c\" data-element_type=\"widget\" data-e-type=\"widget\" data-widget_type=\"text-editor.default\">\n\t\t\t\t<div class=\"elementor-widget-container\">\n\t\t\t\t\t\t\t\t\t<h3><b>Collaboration und Digital Asset Management f\u00fcr Fashion, Sports, Workwear und Retail vollst\u00e4ndig DSGVO-konform<\/b><\/h3>\t\t\t\t\t\t\t\t<\/div>\n\t\t\t\t<\/div>\n\t\t\t\t<div class=\"elementor-element elementor-element-fee76b4 elementor-widget elementor-widget-text-editor\" data-id=\"fee76b4\" data-element_type=\"widget\" data-e-type=\"widget\" data-widget_type=\"text-editor.default\">\n\t\t\t\t<div class=\"elementor-widget-container\">\n\t\t\t\t\t\t\t\t\t<p>M\u00fcnchen, 28.11.2023 \u2013 Style3D Cloud, eine f\u00fchrende Fashion-Plattform f\u00fcr Zusammenarbeit und Digital Asset Management, wird ab sofort in Europa gehostet. Damit bietet Style3D | Assyst Kunden in Europa ein vollst\u00e4ndig DSGVO-konformes Produktportfolio.<\/p>\t\t\t\t\t\t\t\t<\/div>\n\t\t\t\t<\/div>\n\t\t\t\t<div class=\"elementor-element elementor-element-a5d17cd elementor-widget elementor-widget-text-editor\" data-id=\"a5d17cd\" data-element_type=\"widget\" data-e-type=\"widget\" data-widget_type=\"text-editor.default\">\n\t\t\t\t<div class=\"elementor-widget-container\">\n\t\t\t\t\t\t\t\t\t<p>Mit der Fashion-Plattform von Style3D | Assyst k\u00f6nnen Bekleidungsmarken, -h\u00e4ndler und Zulieferer sicher digitale Inhalte bereitstellen und im Team abstimmen. Digitale Assets lassen sich gezielt aufbereiten und jederzeit wiederverwenden. So steigt der Mehrwert jedes erstellten 3D-Modells, Workflows werden deutlich schneller und Teams arbeiten effektiv in Echtzeit zusammen. Style3D Cloud ist Teil des integrierten End-to-End-Produktportfolios von Style3D | Assyst, das von 3D-Design und 2D-CAD-Mustern bis hin zu Produktions- und Werbeplattformen reicht.<\/p>\t\t\t\t\t\t\t\t<\/div>\n\t\t\t\t<\/div>\n\t\t\t\t<div class=\"elementor-element elementor-element-90d2838 elementor-testimonial--layout-image_above elementor-testimonial--skin-default elementor-testimonial--align-center elementor-arrows-yes elementor-pagination-type-bullets elementor-widget elementor-widget-testimonial-carousel\" data-id=\"90d2838\" data-element_type=\"widget\" data-e-type=\"widget\" data-settings=\"{&quot;slides_per_view&quot;:&quot;1&quot;,&quot;show_arrows&quot;:&quot;yes&quot;,&quot;pagination&quot;:&quot;bullets&quot;,&quot;speed&quot;:500,&quot;autoplay&quot;:&quot;yes&quot;,&quot;autoplay_speed&quot;:5000,&quot;loop&quot;:&quot;yes&quot;,&quot;pause_on_hover&quot;:&quot;yes&quot;,&quot;pause_on_interaction&quot;:&quot;yes&quot;,&quot;space_between&quot;:{&quot;unit&quot;:&quot;px&quot;,&quot;size&quot;:10,&quot;sizes&quot;:[]},&quot;space_between_tablet&quot;:{&quot;unit&quot;:&quot;px&quot;,&quot;size&quot;:10,&quot;sizes&quot;:[]},&quot;space_between_mobile&quot;:{&quot;unit&quot;:&quot;px&quot;,&quot;size&quot;:10,&quot;sizes&quot;:[]}}\" data-widget_type=\"testimonial-carousel.default\">\n\t\t\t\t<div class=\"elementor-widget-container\">\n\t\t\t\t\t\t\t\t\t<div class=\"elementor-swiper\">\n\t\t\t\t\t<div class=\"elementor-main-swiper swiper\" role=\"region\" aria-roledescription=\"carousel\" aria-label=\"Slides\">\n\t\t\t\t<div class=\"swiper-wrapper\">\n\t\t\t\t\t\t\t\t\t\t\t<div class=\"swiper-slide\" role=\"group\" aria-roledescription=\"slide\">\n\t\t\t\t\t\t\t\t\t<div class=\"elementor-testimonial\">\n\t\t\t\t\t\t\t<div class=\"elementor-testimonial__content\">\n\t\t\t\t\t<div class=\"elementor-testimonial__text\">\n\t\t\t\t\t\t<p>Unsere Produkte erf\u00fcllen alle Anforderungen unserer Kunden an Funktionalit\u00e4t und bei der Erf\u00fcllung aller europ\u00e4ischen Richtlinien. Das positive Feedback aus dem Markt ist enorm.<\/p>\n\t\t\t\t\t<\/div>\n\t\t\t\t\t<cite class=\"elementor-testimonial__cite\"><span class=\"elementor-testimonial__name\">Hans Peter Hiemer<\/span><span class=\"elementor-testimonial__title\">CEO, Style3D | ASSYST<\/span><\/cite>\t\t\t\t<\/div>\n\t\t\t\t\t\t<div class=\"elementor-testimonial__footer\">\n\t\t\t\t\t\t\t\t\t<div class=\"elementor-testimonial__image\">\n\t\t\t\t\t\t<img decoding=\"async\" src=\"https:\/\/style3d-assyst.com\/wp-content\/uploads\/2025\/07\/quote-sign-testimonials.jpg\" alt=\"Quote Icon\">\n\t\t\t\t\t\t\t\t\t\t\t<\/div>\n\t\t\t\t\t\t\t\t\t\t\t<\/div>\n\t\t<\/div>\n\t\t\t\t\t\t\t\t<\/div>\n\t\t\t\t\t\t\t\t\t<\/div>\n\t\t\t\t\t\t\t<\/div>\n\t\t\t\t<\/div>\n\t\t\t\t\t\t\t\t<\/div>\n\t\t\t\t<\/div>\n\t\t\t\t<div class=\"elementor-element elementor-element-31bbee0 elementor-widget elementor-widget-spacer\" data-id=\"31bbee0\" data-element_type=\"widget\" data-e-type=\"widget\" data-widget_type=\"spacer.default\">\n\t\t\t\t<div class=\"elementor-widget-container\">\n\t\t\t\t\t\t\t<div class=\"elementor-spacer\">\n\t\t\t<div class=\"elementor-spacer-inner\"><\/div>\n\t\t<\/div>\n\t\t\t\t\t\t<\/div>\n\t\t\t\t<\/div>\n\t\t\t\t<div class=\"elementor-element elementor-element-f6c4d01 elementor-widget elementor-widget-text-editor\" data-id=\"f6c4d01\" data-element_type=\"widget\" data-e-type=\"widget\" data-widget_type=\"text-editor.default\">\n\t\t\t\t<div class=\"elementor-widget-container\">\n\t\t\t\t\t\t\t\t\t<h3>\u00dcber Style3D und Style3D | ASSYST<\/h3><p>Style3D ist ein weltweit f\u00fchrendes Unternehmen im Bereich der digitalen Modetechnologie und bietet fortschrittliche 3D-Modellierung, KI-gest\u00fctzte Designl\u00f6sungen und digitale Produktionstools. Style3D hat sich der Innovation verschrieben und gestaltet die Zukunft der Mode mit nachhaltigen, effizienten und zukunftsweisenden L\u00f6sungen f\u00fcr Designer und Marken weltweit. Style3D wird in Europa durch Style3D | ASSYST vertreten.  <\/p>\t\t\t\t\t\t\t\t<\/div>\n\t\t\t\t<\/div>\n\t\t\t\t<\/div>\n\t\t<div class=\"elementor-element elementor-element-3b17454 e-con-full e-flex wpr-particle-no wpr-jarallax-no wpr-parallax-no wpr-sticky-section-no e-con e-child\" data-id=\"3b17454\" data-element_type=\"container\" data-e-type=\"container\">\n\t\t\t\t<div class=\"elementor-element elementor-element-2225667 elementor-widget elementor-widget-image\" data-id=\"2225667\" data-element_type=\"widget\" data-e-type=\"widget\" data-widget_type=\"image.default\">\n\t\t\t\t<div class=\"elementor-widget-container\">\n\t\t\t\t\t\t\t\t\t\t\t\t\t\t\t<img fetchpriority=\"high\" decoding=\"async\" width=\"800\" height=\"726\" src=\"https:\/\/style3d-assyst.com\/wp-content\/uploads\/2023\/11\/Press_EU_Cloud.jpg\" class=\"attachment-large size-large wp-image-5670\" alt=\"EU-Wolke\" srcset=\"https:\/\/style3d-assyst.com\/wp-content\/uploads\/2023\/11\/Press_EU_Cloud.jpg 800w, https:\/\/style3d-assyst.com\/wp-content\/uploads\/2023\/11\/Press_EU_Cloud-300x272.jpg 300w, https:\/\/style3d-assyst.com\/wp-content\/uploads\/2023\/11\/Press_EU_Cloud-768x697.jpg 768w\" sizes=\"(max-width: 800px) 100vw, 800px\" \/>\t\t\t\t\t\t\t\t\t\t\t\t\t\t\t<\/div>\n\t\t\t\t<\/div>\n\t\t<div class=\"elementor-element elementor-element-279d468 e-con-full e-flex wpr-particle-no wpr-jarallax-no wpr-parallax-no wpr-sticky-section-no e-con e-child\" data-id=\"279d468\" data-element_type=\"container\" data-e-type=\"container\">\n\t\t\t\t<div class=\"elementor-element elementor-element-673581e elementor-widget elementor-widget-heading\" data-id=\"673581e\" data-element_type=\"widget\" data-e-type=\"widget\" data-widget_type=\"heading.default\">\n\t\t\t\t<div class=\"elementor-widget-container\">\n\t\t\t\t\t<h3 class=\"elementor-heading-title elementor-size-default\">Presse Kontakt<\/h3>\t\t\t\t<\/div>\n\t\t\t\t<\/div>\n\t\t\t\t<div class=\"elementor-element elementor-element-9a2b022 elementor-widget elementor-widget-image\" data-id=\"9a2b022\" data-element_type=\"widget\" data-e-type=\"widget\" data-widget_type=\"image.default\">\n\t\t\t\t<div class=\"elementor-widget-container\">\n\t\t\t\t\t\t\t\t\t\t\t\t\t\t\t<img decoding=\"async\" width=\"200\" height=\"200\" src=\"https:\/\/style3d-assyst.com\/wp-content\/uploads\/2025\/08\/angelika-methner-press-contact.jpg\" class=\"attachment-full size-full wp-image-3067\" alt=\"Presse-Kontakt Angelika Methner\" srcset=\"https:\/\/style3d-assyst.com\/wp-content\/uploads\/2025\/08\/angelika-methner-press-contact.jpg 200w, https:\/\/style3d-assyst.com\/wp-content\/uploads\/2025\/08\/angelika-methner-press-contact-150x150.jpg 150w\" sizes=\"(max-width: 200px) 100vw, 200px\" \/>\t\t\t\t\t\t\t\t\t\t\t\t\t\t\t<\/div>\n\t\t\t\t<\/div>\n\t\t\t\t<div class=\"elementor-element elementor-element-d0957ca elementor-widget elementor-widget-text-editor\" data-id=\"d0957ca\" data-element_type=\"widget\" data-e-type=\"widget\" data-widget_type=\"text-editor.default\">\n\t\t\t\t<div class=\"elementor-widget-container\">\n\t\t\t\t\t\t\t\t\t<div class=\"col-12 col-sm-12 col-md-6 d-flex align-items-stretch\"><div class=\"productsplain text-center shadow d-flex align-items-center\"><div class=\"content text-center\"><p>Angelika Methner<br>Tel.: +49 (0)89 90505-121<br><a href=\"mailto:contact@assyst.de\" target=\"_blank\" rel=\"noopener\">contact@assyst.de<\/a><\/p><\/div><\/div><\/div>\t\t\t\t\t\t\t\t<\/div>\n\t\t\t\t<\/div>\n\t\t\t\t<\/div>\n\t\t<div class=\"elementor-element elementor-element-2c68c5b e-con-full e-flex wpr-particle-no wpr-jarallax-no wpr-parallax-no wpr-sticky-section-no e-con e-child\" data-id=\"2c68c5b\" data-element_type=\"container\" data-e-type=\"container\">\n\t\t\t\t<div class=\"elementor-element elementor-element-e159ad8 elementor-widget elementor-widget-heading\" data-id=\"e159ad8\" data-element_type=\"widget\" data-e-type=\"widget\" data-widget_type=\"heading.default\">\n\t\t\t\t<div class=\"elementor-widget-container\">\n\t\t\t\t\t<h3 class=\"elementor-heading-title elementor-size-default\">Medien<\/h3>\t\t\t\t<\/div>\n\t\t\t\t<\/div>\n\t\t\t\t<div class=\"elementor-element elementor-element-4f9184b elementor-icon-list--layout-traditional elementor-list-item-link-full_width elementor-widget elementor-widget-icon-list\" data-id=\"4f9184b\" data-element_type=\"widget\" data-e-type=\"widget\" data-widget_type=\"icon-list.default\">\n\t\t\t\t<div class=\"elementor-widget-container\">\n\t\t\t\t\t\t\t<ul class=\"elementor-icon-list-items\">\n\t\t\t\t\t\t\t<li class=\"elementor-icon-list-item\">\n\t\t\t\t\t\t\t\t\t\t\t<a href=\"https:\/\/style3d-assyst.com\/wp-content\/uploads\/2023\/11\/Press_EU_Cloud.jpg\" target=\"_blank\">\n\n\t\t\t\t\t\t\t\t\t\t\t\t<span class=\"elementor-icon-list-icon\">\n\t\t\t\t\t\t\t<svg aria-hidden=\"true\" class=\"e-font-icon-svg e-fas-cloud-download-alt\" viewBox=\"0 0 640 512\" xmlns=\"http:\/\/www.w3.org\/2000\/svg\"><path d=\"M537.6 226.6c4.1-10.7 6.4-22.4 6.4-34.6 0-53-43-96-96-96-19.7 0-38.1 6-53.3 16.2C367 64.2 315.3 32 256 32c-88.4 0-160 71.6-160 160 0 2.7.1 5.4.2 8.1C40.2 219.8 0 273.2 0 336c0 79.5 64.5 144 144 144h368c70.7 0 128-57.3 128-128 0-61.9-44-113.6-102.4-125.4zm-132.9 88.7L299.3 420.7c-6.2 6.2-16.4 6.2-22.6 0L171.3 315.3c-10.1-10.1-2.9-27.3 11.3-27.3H248V176c0-8.8 7.2-16 16-16h48c8.8 0 16 7.2 16 16v112h65.4c14.2 0 21.4 17.2 11.3 27.3z\"><\/path><\/svg>\t\t\t\t\t\t<\/span>\n\t\t\t\t\t\t\t\t\t\t<span class=\"elementor-icon-list-text\">Hochwertiges Bild herunterladen<\/span>\n\t\t\t\t\t\t\t\t\t\t\t<\/a>\n\t\t\t\t\t\t\t\t\t<\/li>\n\t\t\t\t\t\t<\/ul>\n\t\t\t\t\t\t<\/div>\n\t\t\t\t<\/div>\n\t\t\t\t<\/div>\n\t\t\t\t<\/div>\n\t\t\t\t<\/div>\n\t\t\t\t\t<\/div>\n\t\t\t\t<\/div>\n\t\t\t\t<\/div>\n\t\t","protected":false},"excerpt":{"rendered":"<p>Neu! Style3D | Assyst launcht Europa-Cloud f\u00fcr Fashion &amp; Sportswear Collaboration und Digital Asset Management f\u00fcr Fashion, Sports, Workwear und Retail vollst\u00e4ndig DSGVO-konform M\u00fcnchen, 28.11.2023 \u2013 Style3D Cloud, eine f\u00fchrende Fashion-Plattform f\u00fcr Zusammenarbeit und Digital Asset Management, wird ab sofort in Europa gehostet. Damit bietet Style3D | Assyst Kunden in Europa ein vollst\u00e4ndig DSGVO-konformes Produktportfolio. Mit der Fashion-Plattform von Style3D | Assyst k\u00f6nnen Bekleidungsmarken, -h\u00e4ndler und Zulieferer sicher digitale Inhalte bereitstellen und im Team abstimmen. Digitale Assets lassen sich gezielt aufbereiten und jederzeit wiederverwenden. So steigt der Mehrwert jedes erstellten 3D-Modells, Workflows werden deutlich schneller und Teams arbeiten effektiv in Echtzeit zusammen. Style3D Cloud ist Teil des integrierten End-to-End-Produktportfolios von Style3D | Assyst, das von 3D-Design und 2D-CAD-Mustern bis hin zu Produktions- und Werbeplattformen reicht. Unsere Produkte erf\u00fcllen alle Anforderungen unserer Kunden an Funktionalit\u00e4t und bei der Erf\u00fcllung aller europ\u00e4ischen Richtlinien. Das positive Feedback aus dem Markt ist enorm. Hans Peter HiemerCEO, Style3D | ASSYST \u00dcber Style3D und Style3D | ASSYST Style3D ist ein weltweit f\u00fchrendes Unternehmen im Bereich der digitalen Modetechnologie und bietet fortschrittliche 3D-Modellierung, KI-gest\u00fctzte Designl\u00f6sungen und digitale Produktionstools. Style3D hat sich der Innovation verschrieben und gestaltet die Zukunft der Mode mit nachhaltigen, effizienten und zukunftsweisenden L\u00f6sungen f\u00fcr Designer und Marken weltweit. Style3D wird in Europa durch Style3D | ASSYST vertreten. Presse Kontakt Angelika MethnerTel.: +49 (0)89 90505-121contact@assyst.de Medien Hochwertiges Bild herunterladen<\/p>\n","protected":false},"author":6,"featured_media":5670,"comment_status":"closed","ping_status":"closed","sticky":false,"template":"","format":"standard","meta":{"_acf_changed":false,"content-type":"","footnotes":""},"categories":[57],"tags":[],"class_list":["post-6384","post","type-post","status-publish","format-standard","has-post-thumbnail","hentry","category-presse"],"acf":[],"yoast_head":"<!-- This site is optimized with the Yoast SEO plugin v27.5 - https:\/\/yoast.com\/product\/yoast-seo-wordpress\/ -->\n<title>Launch EU Cloud - Style3D | Assyst<\/title>\n<meta name=\"description\" content=\"Collaboration und Digital Asset Management f\u00fcr Fashion, Sports, Workwear und Retail vollst\u00e4ndig DSGVO-konform mit der neuen Style3D EU Cloud\" \/>\n<meta name=\"robots\" content=\"index, follow, max-snippet:-1, max-image-preview:large, max-video-preview:-1\" \/>\n<link rel=\"canonical\" href=\"https:\/\/style3d-assyst.com\/de\/eu-cloud-starten\/\" \/>\n<meta property=\"og:locale\" content=\"de_DE\" \/>\n<meta property=\"og:type\" content=\"article\" \/>\n<meta property=\"og:title\" content=\"Launch EU Cloud - Style3D | Assyst\" \/>\n<meta property=\"og:description\" content=\"Collaboration und Digital Asset Management f\u00fcr Fashion, Sports, Workwear und Retail vollst\u00e4ndig DSGVO-konform mit der neuen Style3D EU Cloud\" \/>\n<meta property=\"og:url\" content=\"https:\/\/style3d-assyst.com\/de\/eu-cloud-starten\/\" \/>\n<meta property=\"og:site_name\" content=\"Style3D | Assyst\" \/>\n<meta property=\"article:published_time\" content=\"2023-11-13T08:41:12+00:00\" \/>\n<meta property=\"article:modified_time\" content=\"2025-09-11T08:35:52+00:00\" \/>\n<meta property=\"og:image\" content=\"https:\/\/style3d-assyst.com\/wp-content\/uploads\/2023\/11\/Press_EU_Cloud.jpg\" \/>\n\t<meta property=\"og:image:width\" content=\"800\" \/>\n\t<meta property=\"og:image:height\" content=\"726\" \/>\n\t<meta property=\"og:image:type\" content=\"image\/jpeg\" \/>\n<meta name=\"author\" content=\"Angelika Methner\" \/>\n<meta name=\"twitter:card\" content=\"summary_large_image\" \/>\n<meta name=\"twitter:label1\" content=\"Verfasst von\" \/>\n\t<meta name=\"twitter:data1\" content=\"Angelika Methner\" \/>\n\t<meta name=\"twitter:label2\" content=\"Gesch\u00e4tzte Lesezeit\" \/>\n\t<meta name=\"twitter:data2\" content=\"2\u00a0Minuten\" \/>\n<script type=\"application\/ld+json\" class=\"yoast-schema-graph\">{\"@context\":\"https:\\\/\\\/schema.org\",\"@graph\":[{\"@type\":\"Article\",\"@id\":\"https:\\\/\\\/style3d-assyst.com\\\/de\\\/eu-cloud-starten\\\/#article\",\"isPartOf\":{\"@id\":\"https:\\\/\\\/style3d-assyst.com\\\/de\\\/eu-cloud-starten\\\/\"},\"author\":{\"name\":\"Angelika Methner\",\"@id\":\"https:\\\/\\\/style3d-assyst.com\\\/de\\\/#\\\/schema\\\/person\\\/92510ae5027348d2c487bd1552ffb432\"},\"headline\":\"Launch EU Cloud\",\"datePublished\":\"2023-11-13T08:41:12+00:00\",\"dateModified\":\"2025-09-11T08:35:52+00:00\",\"mainEntityOfPage\":{\"@id\":\"https:\\\/\\\/style3d-assyst.com\\\/de\\\/eu-cloud-starten\\\/\"},\"wordCount\":250,\"publisher\":{\"@id\":\"https:\\\/\\\/style3d-assyst.com\\\/de\\\/#organization\"},\"image\":{\"@id\":\"https:\\\/\\\/style3d-assyst.com\\\/de\\\/eu-cloud-starten\\\/#primaryimage\"},\"thumbnailUrl\":\"https:\\\/\\\/style3d-assyst.com\\\/wp-content\\\/uploads\\\/2023\\\/11\\\/Press_EU_Cloud.jpg\",\"articleSection\":[\"Presse\"],\"inLanguage\":\"de\"},{\"@type\":\"WebPage\",\"@id\":\"https:\\\/\\\/style3d-assyst.com\\\/de\\\/eu-cloud-starten\\\/\",\"url\":\"https:\\\/\\\/style3d-assyst.com\\\/de\\\/eu-cloud-starten\\\/\",\"name\":\"Launch EU Cloud - Style3D | Assyst\",\"isPartOf\":{\"@id\":\"https:\\\/\\\/style3d-assyst.com\\\/de\\\/#website\"},\"primaryImageOfPage\":{\"@id\":\"https:\\\/\\\/style3d-assyst.com\\\/de\\\/eu-cloud-starten\\\/#primaryimage\"},\"image\":{\"@id\":\"https:\\\/\\\/style3d-assyst.com\\\/de\\\/eu-cloud-starten\\\/#primaryimage\"},\"thumbnailUrl\":\"https:\\\/\\\/style3d-assyst.com\\\/wp-content\\\/uploads\\\/2023\\\/11\\\/Press_EU_Cloud.jpg\",\"datePublished\":\"2023-11-13T08:41:12+00:00\",\"dateModified\":\"2025-09-11T08:35:52+00:00\",\"description\":\"Collaboration und Digital Asset Management f\u00fcr Fashion, Sports, Workwear und Retail vollst\u00e4ndig DSGVO-konform mit der neuen Style3D EU Cloud\",\"breadcrumb\":{\"@id\":\"https:\\\/\\\/style3d-assyst.com\\\/de\\\/eu-cloud-starten\\\/#breadcrumb\"},\"inLanguage\":\"de\",\"potentialAction\":[{\"@type\":\"ReadAction\",\"target\":[\"https:\\\/\\\/style3d-assyst.com\\\/de\\\/eu-cloud-starten\\\/\"]}]},{\"@type\":\"ImageObject\",\"inLanguage\":\"de\",\"@id\":\"https:\\\/\\\/style3d-assyst.com\\\/de\\\/eu-cloud-starten\\\/#primaryimage\",\"url\":\"https:\\\/\\\/style3d-assyst.com\\\/wp-content\\\/uploads\\\/2023\\\/11\\\/Press_EU_Cloud.jpg\",\"contentUrl\":\"https:\\\/\\\/style3d-assyst.com\\\/wp-content\\\/uploads\\\/2023\\\/11\\\/Press_EU_Cloud.jpg\",\"width\":800,\"height\":726,\"caption\":\"EU-Wolke\"},{\"@type\":\"BreadcrumbList\",\"@id\":\"https:\\\/\\\/style3d-assyst.com\\\/de\\\/eu-cloud-starten\\\/#breadcrumb\",\"itemListElement\":[{\"@type\":\"ListItem\",\"position\":1,\"name\":\"Startseite\",\"item\":\"https:\\\/\\\/style3d-assyst.com\\\/de\\\/startseite\\\/\"},{\"@type\":\"ListItem\",\"position\":2,\"name\":\"Launch EU Cloud\"}]},{\"@type\":\"WebSite\",\"@id\":\"https:\\\/\\\/style3d-assyst.com\\\/de\\\/#website\",\"url\":\"https:\\\/\\\/style3d-assyst.com\\\/de\\\/\",\"name\":\"Style3D | Assyst\",\"description\":\"3D-Stoffsimulation, 2D-CAD f\u00fcr die Modebranche\",\"publisher\":{\"@id\":\"https:\\\/\\\/style3d-assyst.com\\\/de\\\/#organization\"},\"potentialAction\":[{\"@type\":\"SearchAction\",\"target\":{\"@type\":\"EntryPoint\",\"urlTemplate\":\"https:\\\/\\\/style3d-assyst.com\\\/de\\\/?s={search_term_string}\"},\"query-input\":{\"@type\":\"PropertyValueSpecification\",\"valueRequired\":true,\"valueName\":\"search_term_string\"}}],\"inLanguage\":\"de\"},{\"@type\":\"Organization\",\"@id\":\"https:\\\/\\\/style3d-assyst.com\\\/de\\\/#organization\",\"name\":\"Style3D | Assyst\",\"url\":\"https:\\\/\\\/style3d-assyst.com\\\/de\\\/\",\"logo\":{\"@type\":\"ImageObject\",\"inLanguage\":\"de\",\"@id\":\"https:\\\/\\\/style3d-assyst.com\\\/de\\\/#\\\/schema\\\/logo\\\/image\\\/\",\"url\":\"https:\\\/\\\/style3d-assyst.com\\\/wp-content\\\/uploads\\\/2025\\\/06\\\/logo-style3d-assyst.png\",\"contentUrl\":\"https:\\\/\\\/style3d-assyst.com\\\/wp-content\\\/uploads\\\/2025\\\/06\\\/logo-style3d-assyst.png\",\"width\":855,\"height\":103,\"caption\":\"Style3D | Assyst\"},\"image\":{\"@id\":\"https:\\\/\\\/style3d-assyst.com\\\/de\\\/#\\\/schema\\\/logo\\\/image\\\/\"},\"sameAs\":[\"https:\\\/\\\/www.linkedin.com\\\/company\\\/assyst-gmbh\\\/\",\"https:\\\/\\\/www.instagram.com\\\/style3d.assyst\",\"https:\\\/\\\/www.youtube.com\\\/channel\\\/UCL09FVvHxGd2XGgdM94FD0w\"]},{\"@type\":\"Person\",\"@id\":\"https:\\\/\\\/style3d-assyst.com\\\/de\\\/#\\\/schema\\\/person\\\/92510ae5027348d2c487bd1552ffb432\",\"name\":\"Angelika Methner\",\"image\":{\"@type\":\"ImageObject\",\"inLanguage\":\"de\",\"@id\":\"https:\\\/\\\/secure.gravatar.com\\\/avatar\\\/5f6e24240d2b1d1695ed2ba46a580c10b05afb054ffd2425c331501791a4eaaa?s=96&d=mm&r=g\",\"url\":\"https:\\\/\\\/secure.gravatar.com\\\/avatar\\\/5f6e24240d2b1d1695ed2ba46a580c10b05afb054ffd2425c331501791a4eaaa?s=96&d=mm&r=g\",\"contentUrl\":\"https:\\\/\\\/secure.gravatar.com\\\/avatar\\\/5f6e24240d2b1d1695ed2ba46a580c10b05afb054ffd2425c331501791a4eaaa?s=96&d=mm&r=g\",\"caption\":\"Angelika Methner\"},\"url\":\"https:\\\/\\\/style3d-assyst.com\\\/de\\\/author\\\/amethner\\\/\"}]}<\/script>\n<!-- \/ Yoast SEO plugin. -->","yoast_head_json":{"title":"Launch EU Cloud - Style3D | Assyst","description":"Collaboration und Digital Asset Management f\u00fcr Fashion, Sports, Workwear und Retail vollst\u00e4ndig DSGVO-konform mit der neuen Style3D EU Cloud","robots":{"index":"index","follow":"follow","max-snippet":"max-snippet:-1","max-image-preview":"max-image-preview:large","max-video-preview":"max-video-preview:-1"},"canonical":"https:\/\/style3d-assyst.com\/de\/eu-cloud-starten\/","og_locale":"de_DE","og_type":"article","og_title":"Launch EU Cloud - Style3D | Assyst","og_description":"Collaboration und Digital Asset Management f\u00fcr Fashion, Sports, Workwear und Retail vollst\u00e4ndig DSGVO-konform mit der neuen Style3D EU Cloud","og_url":"https:\/\/style3d-assyst.com\/de\/eu-cloud-starten\/","og_site_name":"Style3D | Assyst","article_published_time":"2023-11-13T08:41:12+00:00","article_modified_time":"2025-09-11T08:35:52+00:00","og_image":[{"width":800,"height":726,"url":"https:\/\/style3d-assyst.com\/wp-content\/uploads\/2023\/11\/Press_EU_Cloud.jpg","type":"image\/jpeg"}],"author":"Angelika Methner","twitter_card":"summary_large_image","twitter_misc":{"Verfasst von":"Angelika Methner","Gesch\u00e4tzte Lesezeit":"2\u00a0Minuten"},"schema":{"@context":"https:\/\/schema.org","@graph":[{"@type":"Article","@id":"https:\/\/style3d-assyst.com\/de\/eu-cloud-starten\/#article","isPartOf":{"@id":"https:\/\/style3d-assyst.com\/de\/eu-cloud-starten\/"},"author":{"name":"Angelika Methner","@id":"https:\/\/style3d-assyst.com\/de\/#\/schema\/person\/92510ae5027348d2c487bd1552ffb432"},"headline":"Launch EU Cloud","datePublished":"2023-11-13T08:41:12+00:00","dateModified":"2025-09-11T08:35:52+00:00","mainEntityOfPage":{"@id":"https:\/\/style3d-assyst.com\/de\/eu-cloud-starten\/"},"wordCount":250,"publisher":{"@id":"https:\/\/style3d-assyst.com\/de\/#organization"},"image":{"@id":"https:\/\/style3d-assyst.com\/de\/eu-cloud-starten\/#primaryimage"},"thumbnailUrl":"https:\/\/style3d-assyst.com\/wp-content\/uploads\/2023\/11\/Press_EU_Cloud.jpg","articleSection":["Presse"],"inLanguage":"de"},{"@type":"WebPage","@id":"https:\/\/style3d-assyst.com\/de\/eu-cloud-starten\/","url":"https:\/\/style3d-assyst.com\/de\/eu-cloud-starten\/","name":"Launch EU Cloud - Style3D | Assyst","isPartOf":{"@id":"https:\/\/style3d-assyst.com\/de\/#website"},"primaryImageOfPage":{"@id":"https:\/\/style3d-assyst.com\/de\/eu-cloud-starten\/#primaryimage"},"image":{"@id":"https:\/\/style3d-assyst.com\/de\/eu-cloud-starten\/#primaryimage"},"thumbnailUrl":"https:\/\/style3d-assyst.com\/wp-content\/uploads\/2023\/11\/Press_EU_Cloud.jpg","datePublished":"2023-11-13T08:41:12+00:00","dateModified":"2025-09-11T08:35:52+00:00","description":"Collaboration und Digital Asset Management f\u00fcr Fashion, Sports, Workwear und Retail vollst\u00e4ndig DSGVO-konform mit der neuen Style3D EU Cloud","breadcrumb":{"@id":"https:\/\/style3d-assyst.com\/de\/eu-cloud-starten\/#breadcrumb"},"inLanguage":"de","potentialAction":[{"@type":"ReadAction","target":["https:\/\/style3d-assyst.com\/de\/eu-cloud-starten\/"]}]},{"@type":"ImageObject","inLanguage":"de","@id":"https:\/\/style3d-assyst.com\/de\/eu-cloud-starten\/#primaryimage","url":"https:\/\/style3d-assyst.com\/wp-content\/uploads\/2023\/11\/Press_EU_Cloud.jpg","contentUrl":"https:\/\/style3d-assyst.com\/wp-content\/uploads\/2023\/11\/Press_EU_Cloud.jpg","width":800,"height":726,"caption":"EU-Wolke"},{"@type":"BreadcrumbList","@id":"https:\/\/style3d-assyst.com\/de\/eu-cloud-starten\/#breadcrumb","itemListElement":[{"@type":"ListItem","position":1,"name":"Startseite","item":"https:\/\/style3d-assyst.com\/de\/startseite\/"},{"@type":"ListItem","position":2,"name":"Launch EU Cloud"}]},{"@type":"WebSite","@id":"https:\/\/style3d-assyst.com\/de\/#website","url":"https:\/\/style3d-assyst.com\/de\/","name":"Style3D | Assyst","description":"3D-Stoffsimulation, 2D-CAD f\u00fcr die Modebranche","publisher":{"@id":"https:\/\/style3d-assyst.com\/de\/#organization"},"potentialAction":[{"@type":"SearchAction","target":{"@type":"EntryPoint","urlTemplate":"https:\/\/style3d-assyst.com\/de\/?s={search_term_string}"},"query-input":{"@type":"PropertyValueSpecification","valueRequired":true,"valueName":"search_term_string"}}],"inLanguage":"de"},{"@type":"Organization","@id":"https:\/\/style3d-assyst.com\/de\/#organization","name":"Style3D | Assyst","url":"https:\/\/style3d-assyst.com\/de\/","logo":{"@type":"ImageObject","inLanguage":"de","@id":"https:\/\/style3d-assyst.com\/de\/#\/schema\/logo\/image\/","url":"https:\/\/style3d-assyst.com\/wp-content\/uploads\/2025\/06\/logo-style3d-assyst.png","contentUrl":"https:\/\/style3d-assyst.com\/wp-content\/uploads\/2025\/06\/logo-style3d-assyst.png","width":855,"height":103,"caption":"Style3D | Assyst"},"image":{"@id":"https:\/\/style3d-assyst.com\/de\/#\/schema\/logo\/image\/"},"sameAs":["https:\/\/www.linkedin.com\/company\/assyst-gmbh\/","https:\/\/www.instagram.com\/style3d.assyst","https:\/\/www.youtube.com\/channel\/UCL09FVvHxGd2XGgdM94FD0w"]},{"@type":"Person","@id":"https:\/\/style3d-assyst.com\/de\/#\/schema\/person\/92510ae5027348d2c487bd1552ffb432","name":"Angelika Methner","image":{"@type":"ImageObject","inLanguage":"de","@id":"https:\/\/secure.gravatar.com\/avatar\/5f6e24240d2b1d1695ed2ba46a580c10b05afb054ffd2425c331501791a4eaaa?s=96&d=mm&r=g","url":"https:\/\/secure.gravatar.com\/avatar\/5f6e24240d2b1d1695ed2ba46a580c10b05afb054ffd2425c331501791a4eaaa?s=96&d=mm&r=g","contentUrl":"https:\/\/secure.gravatar.com\/avatar\/5f6e24240d2b1d1695ed2ba46a580c10b05afb054ffd2425c331501791a4eaaa?s=96&d=mm&r=g","caption":"Angelika Methner"},"url":"https:\/\/style3d-assyst.com\/de\/author\/amethner\/"}]}},"_links":{"self":[{"href":"https:\/\/style3d-assyst.com\/de\/wp-json\/wp\/v2\/posts\/6384","targetHints":{"allow":["GET"]}}],"collection":[{"href":"https:\/\/style3d-assyst.com\/de\/wp-json\/wp\/v2\/posts"}],"about":[{"href":"https:\/\/style3d-assyst.com\/de\/wp-json\/wp\/v2\/types\/post"}],"author":[{"embeddable":true,"href":"https:\/\/style3d-assyst.com\/de\/wp-json\/wp\/v2\/users\/6"}],"replies":[{"embeddable":true,"href":"https:\/\/style3d-assyst.com\/de\/wp-json\/wp\/v2\/comments?post=6384"}],"version-history":[{"count":6,"href":"https:\/\/style3d-assyst.com\/de\/wp-json\/wp\/v2\/posts\/6384\/revisions"}],"predecessor-version":[{"id":9579,"href":"https:\/\/style3d-assyst.com\/de\/wp-json\/wp\/v2\/posts\/6384\/revisions\/9579"}],"wp:featuredmedia":[{"embeddable":true,"href":"https:\/\/style3d-assyst.com\/de\/wp-json\/wp\/v2\/media\/5670"}],"wp:attachment":[{"href":"https:\/\/style3d-assyst.com\/de\/wp-json\/wp\/v2\/media?parent=6384"}],"wp:term":[{"taxonomy":"category","embeddable":true,"href":"https:\/\/style3d-assyst.com\/de\/wp-json\/wp\/v2\/categories?post=6384"},{"taxonomy":"post_tag","embeddable":true,"href":"https:\/\/style3d-assyst.com\/de\/wp-json\/wp\/v2\/tags?post=6384"}],"curies":[{"name":"wp","href":"https:\/\/api.w.org\/{rel}","templated":true}]}}